{"id":58139,"date":"2018-07-21T17:14:24","date_gmt":"2018-07-21T20:14:24","guid":{"rendered":"http:\/\/caririemacao.com\/1\/?p=58139"},"modified":"2018-07-21T17:14:24","modified_gmt":"2018-07-21T20:14:24","slug":"obesidade-pode-aumentar-incidencia-de-doencas-periodontais","status":"publish","type":"post","link":"https:\/\/www.caririemacao.com\/1\/2018\/07\/21\/obesidade-pode-aumentar-incidencia-de-doencas-periodontais\/","title":{"rendered":"Obesidade pode aumentar incid\u00eancia de doen\u00e7as periodontais"},"content":{"rendered":"<p>Caracterizada pela elevada rela\u00e7\u00e3o entre a massa de tecido adiposo e a massa total do corpo, a obesidade aumenta a incid\u00eancia de complica\u00e7\u00f5es orais inflamat\u00f3rias, como as doen\u00e7as periodontais. Isto ocorre porque as inflama\u00e7\u00f5es respondem de forma proporcional ao aumento da adiposidade corporal, como explica o diretor do Instituto de Odontologia da PUC-Rio (IoPuc), Ricardo Fischer (CRORJ 13099). \u201cS\u00f3 pelo fato da pessoa ser obesa, o risco da doen\u00e7a periodontal aumenta, pois o tecido adiposo libera marcadores biol\u00f3gicos que s\u00e3o inflamat\u00f3rios\u201d, afirma o especialista.<\/p>\n<p>De acordo com Ricardo Fischer, os marcadores biol\u00f3gicos que favorecem o aparecimento de doen\u00e7as inflamat\u00f3rias s\u00e3o processos feitos para a defesa do organismo, e o excesso faz com que atuem de maneira contr\u00e1ria. \u201cEstes marcadores s\u00e3o produtos inflamat\u00f3rios, liberados por alguns tecidos. Quando tem uma inflama\u00e7\u00e3o, estes produtos s\u00e3o utilizados para proteger as pessoas dos processos inflamat\u00f3rios. Mas se voc\u00ea tem isso em excesso, ele acaba sendo um fator favor\u00e1vel para a inflama\u00e7\u00e3o, diz o profissional.<\/p>\n<p>Segundo o especialista, uma higiene oral correta pode contrabalancear os efeitos do aumento destes marcadores. \u201cA doen\u00e7a periodontal \u00e9 iniciada atrav\u00e9s do ac\u00famulo de placas bacterianas. Ent\u00e3o, por mais que a obesidade aumente os marcadores inflamat\u00f3rios, se o obeso tiver uma higiene oral muito boa, talvez n\u00e3o contraia estas complica\u00e7\u00f5es\u201d, afirma o dentista.<\/p>\n<p>Embora a rela\u00e7\u00e3o entre obesidade e doen\u00e7a periodontal exista, o diretor do Instituto de Odontologia da PUC-Rio afirma que o fator n\u00e3o \u00e9 determinante para as doen\u00e7as orais inflamat\u00f3rias. \u201cEstudos transversais mostram que obesos tem mais doen\u00e7as periodontais. Isso \u00e9 um indicativo de que a obesidade \u00e9 um fator de risco, mas n\u00e3o podemos afirmar que \u00e9 um fator decisivo. Na compara\u00e7\u00e3o com fatores como diabetes e fumo, por exemplo, a obesidade est\u00e1 um est\u00e1gio abaixo na classifica\u00e7\u00e3o cient\u00edfica\u201d, diz o dentista.<\/p>\n<p><strong>CARIRI EM A\u00c7\u00c3O<\/strong><\/p>\n<p>Com Colgado\/Foto: Reprodu\u00e7\u00e3o Internet<\/p>\n<p>Leia mais not\u00edcias em\u00a0<a href=\"http:\/\/www.caririemacao.com\/\">caririemacao.com<\/a>, siga nossa p\u00e1gina no\u00a0<a href=\"https:\/\/www.facebook.com\/CaririEmAcao\/?ref=aymt_homepage_panel\">Facebook<\/a>,\u00a0<a href=\"https:\/\/www.instagram.com\/cariri_em_acao\/?hl=pt-br\">Instagram<\/a>\u00a0e\u00a0<a href=\"https:\/\/www.youtube.com\/channel\/UCAptA0jQuYQy8vMhLt2m4qg\">Youtube<\/a>\u00a0e veja nossas mat\u00e9rias, v\u00eddeos e fotos. Voc\u00ea tamb\u00e9m pode enviar informa\u00e7\u00f5es \u00e0 Reda\u00e7\u00e3o do Portal Cariri em A\u00e7\u00e3o pelo WhatsApp (83) 9 9634.5791, (83) 9 9601-1162.<\/p>\n","protected":false},"excerpt":{"rendered":"<p>Caracterizada pela elevada rela\u00e7\u00e3o entre a massa de tecido adiposo e a massa total do corpo, a obesidade aumenta a incid\u00eancia de complica\u00e7\u00f5es orais inflamat\u00f3rias,&hellip; <\/p>\n","protected":false},"author":2,"featured_media":58140,"comment_status":"closed","ping_status":"closed","sticky":false,"template":"","format":"standard","meta":{"sfsi_plus_gutenberg_text_before_share":"","sfsi_plus_gutenberg_show_text_before_share":"","sfsi_plus_gutenberg_icon_type":"","sfsi_plus_gutenberg_icon_alignemt":"","sfsi_plus_gutenburg_max_per_row":"","footnotes":""},"categories":[16],"tags":[],"class_list":["post-58139","post","type-post","status-publish","format-standard","has-post-thumbnail","hentry","category-saude"],"_links":{"self":[{"href":"https:\/\/www.caririemacao.com\/1\/wp-json\/wp\/v2\/posts\/58139","targetHints":{"allow":["GET"]}}],"collection":[{"href":"https:\/\/www.caririemacao.com\/1\/wp-json\/wp\/v2\/posts"}],"about":[{"href":"https:\/\/www.caririemacao.com\/1\/wp-json\/wp\/v2\/types\/post"}],"author":[{"embeddable":true,"href":"https:\/\/www.caririemacao.com\/1\/wp-json\/wp\/v2\/users\/2"}],"replies":[{"embeddable":true,"href":"https:\/\/www.caririemacao.com\/1\/wp-json\/wp\/v2\/comments?post=58139"}],"version-history":[{"count":1,"href":"https:\/\/www.caririemacao.com\/1\/wp-json\/wp\/v2\/posts\/58139\/revisions"}],"predecessor-version":[{"id":58141,"href":"https:\/\/www.caririemacao.com\/1\/wp-json\/wp\/v2\/posts\/58139\/revisions\/58141"}],"wp:featuredmedia":[{"embeddable":true,"href":"https:\/\/www.caririemacao.com\/1\/wp-json\/wp\/v2\/media\/58140"}],"wp:attachment":[{"href":"https:\/\/www.caririemacao.com\/1\/wp-json\/wp\/v2\/media?parent=58139"}],"wp:term":[{"taxonomy":"category","embeddable":true,"href":"https:\/\/www.caririemacao.com\/1\/wp-json\/wp\/v2\/categories?post=58139"},{"taxonomy":"post_tag","embeddable":true,"href":"https:\/\/www.caririemacao.com\/1\/wp-json\/wp\/v2\/tags?post=58139"}],"curies":[{"name":"wp","href":"https:\/\/api.w.org\/{rel}","templated":true}]}}