{"id":58142,"date":"2018-07-21T17:17:20","date_gmt":"2018-07-21T20:17:20","guid":{"rendered":"http:\/\/caririemacao.com\/1\/?p=58142"},"modified":"2018-07-21T17:17:20","modified_gmt":"2018-07-21T20:17:20","slug":"prazo-para-atualizacao-do-cadastro-unico-e-prorrogado-ate-17-de-agosto","status":"publish","type":"post","link":"https:\/\/www.caririemacao.com\/1\/2018\/07\/21\/prazo-para-atualizacao-do-cadastro-unico-e-prorrogado-ate-17-de-agosto\/","title":{"rendered":"Prazo para atualiza\u00e7\u00e3o do Cadastro \u00danico \u00e9 prorrogado at\u00e9 17 de agosto"},"content":{"rendered":"<p>O governo federal prorrogou at\u00e9 17 de agosto o prazo para atualiza\u00e7\u00e3o do Cadastro \u00danico (Cad\u00danico) de fam\u00edlias cujos dados sobre renda apresentaram algum tipo de problema.\u00a0A atualiza\u00e7\u00e3o \u00e9 importante, pois evitar\u00e1 o cancelamento dos benef\u00edcios do Bolsa Fam\u00edlia e da Tarifa Social de Energia El\u00e9trica.<\/p>\n<p>O sistema do Cad\u00danico detectou inconsist\u00eancias de renda provenientes de dados do mercado de trabalho, recebimento de benef\u00edcios previdenci\u00e1rios ou do Benef\u00edcio de Presta\u00e7\u00e3o Continuada (BPC), contribui\u00e7\u00f5es previdenci\u00e1rias e \u00f3bito. As mais de 720 mil fam\u00edlias com esse tipo de problema no cadastro fazem parte do Grupo 3 da chamada Averigua\u00e7\u00e3o Cadastral.<\/p>\n<p>A averigua\u00e7\u00e3o agrega pessoas com cadastros em que foram identificados diferentes tipos de inconsist\u00eancia. Em caso de inconsist\u00eancia nas informa\u00e7\u00f5es, as fam\u00edlias s\u00e3o chamadas para atualizar os dados junto \u00e0s secretarias municipais de Assist\u00eancia Social.<\/p>\n<p>Ap\u00f3s o fim do prazo, outro grupo ser\u00e1 convocado para atualizar os dados. Cada grupo de averigua\u00e7\u00e3o tem prazos diferentes para mobiliza\u00e7\u00e3o, atualiza\u00e7\u00e3o e repercuss\u00e3o nos benef\u00edcios e no cadastro das fam\u00edlias.<\/p>\n<p>O Cadastro \u00danico \u00e9 usado pelo governo federal para identificar potenciais benefici\u00e1rios de programas sociais como Bolsa Fam\u00edlia, Projovem Adolescente\/Agente Jovem, Programa de Erradica\u00e7\u00e3o do Trabalho Infantil e da Tarifa Social de Energia El\u00e9trica.<\/p>\n<p><strong>CARIRI EM A\u00c7\u00c3O<\/strong><\/p>\n<p>Com Jornal da Para\u00edba\/Foto: Reprodu\u00e7\u00e3o Internet<\/p>\n<p>Leia mais not\u00edcias em\u00a0<a href=\"http:\/\/www.caririemacao.com\/\">caririemacao.com<\/a>, siga nossa p\u00e1gina no\u00a0<a href=\"https:\/\/www.facebook.com\/CaririEmAcao\/?ref=aymt_homepage_panel\">Facebook<\/a>,\u00a0<a href=\"https:\/\/www.instagram.com\/cariri_em_acao\/?hl=pt-br\">Instagram<\/a>\u00a0e\u00a0<a href=\"https:\/\/www.youtube.com\/channel\/UCAptA0jQuYQy8vMhLt2m4qg\">Youtube<\/a>\u00a0e veja nossas mat\u00e9rias, v\u00eddeos e fotos. Voc\u00ea tamb\u00e9m pode enviar informa\u00e7\u00f5es \u00e0 Reda\u00e7\u00e3o do Portal Cariri em A\u00e7\u00e3o pelo WhatsApp (83) 9 9634.5791, (83) 9 9601-1162.<\/p>\n","protected":false},"excerpt":{"rendered":"<p>O governo federal prorrogou at\u00e9 17 de agosto o prazo para atualiza\u00e7\u00e3o do Cadastro \u00danico (Cad\u00danico) de fam\u00edlias cujos dados sobre renda apresentaram algum tipo&hellip; <\/p>\n","protected":false},"author":2,"featured_media":36283,"comment_status":"closed","ping_status":"closed","sticky":false,"template":"","format":"standard","meta":{"sfsi_plus_gutenberg_text_before_share":"","sfsi_plus_gutenberg_show_text_before_share":"","sfsi_plus_gutenberg_icon_type":"","sfsi_plus_gutenberg_icon_alignemt":"","sfsi_plus_gutenburg_max_per_row":"","footnotes":""},"categories":[2],"tags":[],"class_list":["post-58142","post","type-post","status-publish","format-standard","has-post-thumbnail","hentry","category-geral"],"_links":{"self":[{"href":"https:\/\/www.caririemacao.com\/1\/wp-json\/wp\/v2\/posts\/58142","targetHints":{"allow":["GET"]}}],"collection":[{"href":"https:\/\/www.caririemacao.com\/1\/wp-json\/wp\/v2\/posts"}],"about":[{"href":"https:\/\/www.caririemacao.com\/1\/wp-json\/wp\/v2\/types\/post"}],"author":[{"embeddable":true,"href":"https:\/\/www.caririemacao.com\/1\/wp-json\/wp\/v2\/users\/2"}],"replies":[{"embeddable":true,"href":"https:\/\/www.caririemacao.com\/1\/wp-json\/wp\/v2\/comments?post=58142"}],"version-history":[{"count":1,"href":"https:\/\/www.caririemacao.com\/1\/wp-json\/wp\/v2\/posts\/58142\/revisions"}],"predecessor-version":[{"id":58143,"href":"https:\/\/www.caririemacao.com\/1\/wp-json\/wp\/v2\/posts\/58142\/revisions\/58143"}],"wp:featuredmedia":[{"embeddable":true,"href":"https:\/\/www.caririemacao.com\/1\/wp-json\/wp\/v2\/media\/36283"}],"wp:attachment":[{"href":"https:\/\/www.caririemacao.com\/1\/wp-json\/wp\/v2\/media?parent=58142"}],"wp:term":[{"taxonomy":"category","embeddable":true,"href":"https:\/\/www.caririemacao.com\/1\/wp-json\/wp\/v2\/categories?post=58142"},{"taxonomy":"post_tag","embeddable":true,"href":"https:\/\/www.caririemacao.com\/1\/wp-json\/wp\/v2\/tags?post=58142"}],"curies":[{"name":"wp","href":"https:\/\/api.w.org\/{rel}","templated":true}]}}