{"id":58146,"date":"2018-07-21T17:26:28","date_gmt":"2018-07-21T20:26:28","guid":{"rendered":"http:\/\/caririemacao.com\/1\/?p=58146"},"modified":"2018-07-21T17:27:12","modified_gmt":"2018-07-21T20:27:12","slug":"caminhao-amigo-do-peito-realiza-80-mamografias-em-sume","status":"publish","type":"post","link":"https:\/\/www.caririemacao.com\/1\/2018\/07\/21\/caminhao-amigo-do-peito-realiza-80-mamografias-em-sume\/","title":{"rendered":"Caminh\u00e3o Amigo do Peito realiza 80 mamografias em Sum\u00e9"},"content":{"rendered":"<p>O Caminh\u00e3o Amigo do Peito esteve na \u00faltima segunda-feira (16) em Sum\u00e9 para a realiza\u00e7\u00e3o de exames de mamografia.<\/p>\n<p>Foram atendidas 80 mulheres na faixa et\u00e1ria de 40 a 50 anos, considerando que a demanda de mulheres entre 50 a 69 anos tinham sido atendidas em outras oportunidades.<\/p>\n<p>O Caminh\u00e3o Amigo do Peito \u00e9 uma unidade m\u00f3vel dotada de equipamentos modernos que realiza exames de mamografia, visando garantir rapidez e qualidade no acesso ao exame, conscientizando as mulheres quanto \u00e0 import\u00e2ncia do diagn\u00f3stico precoce.<\/p>\n<p>De acordo com a secret\u00e1ria de Sa\u00fade de Sum\u00e9, Alessandra Regina, essa \u00e9 mais uma a\u00e7\u00e3o da Secretaria de Sa\u00fade que visa ampliar a oferta de mamografias no munic\u00edpio. \u201cMuitas dessas mulheres n\u00e3o t\u00eam acesso ao exame, algumas vezes por quest\u00f5es financeiras, esta \u00e9 uma boa oportunidade de realizar o procedimento de forma gratuita prevenindo doen\u00e7as\u201d, disse a secret\u00e1ria.<\/p>\n<p><strong>CARIRI EM A\u00c7\u00c3O<\/strong><\/p>\n<p>Com Ascom\/Foto:\u00a0Ascom<\/p>\n<p>Leia mais not\u00edcias em\u00a0<a href=\"http:\/\/www.caririemacao.com\/\">caririemacao.com<\/a>, siga nossa p\u00e1gina no\u00a0<a href=\"https:\/\/www.facebook.com\/CaririEmAcao\/?ref=aymt_homepage_panel\">Facebook<\/a>,\u00a0<a href=\"https:\/\/www.instagram.com\/cariri_em_acao\/?hl=pt-br\">Instagram<\/a>\u00a0e\u00a0<a href=\"https:\/\/www.youtube.com\/channel\/UCAptA0jQuYQy8vMhLt2m4qg\">Youtube<\/a>\u00a0e veja nossas mat\u00e9rias, v\u00eddeos e fotos. Voc\u00ea tamb\u00e9m pode enviar informa\u00e7\u00f5es \u00e0 Reda\u00e7\u00e3o do Portal Cariri em A\u00e7\u00e3o pelo WhatsApp (83) 9 9634.5791, (83) 9 9601-1162.<\/p>\n","protected":false},"excerpt":{"rendered":"<p>O Caminh\u00e3o Amigo do Peito esteve na \u00faltima segunda-feira (16) em Sum\u00e9 para a realiza\u00e7\u00e3o de exames de mamografia. Foram atendidas 80 mulheres na faixa&hellip; <\/p>\n","protected":false},"author":2,"featured_media":58147,"comment_status":"closed","ping_status":"closed","sticky":false,"template":"","format":"standard","meta":{"sfsi_plus_gutenberg_text_before_share":"","sfsi_plus_gutenberg_show_text_before_share":"","sfsi_plus_gutenberg_icon_type":"","sfsi_plus_gutenberg_icon_alignemt":"","sfsi_plus_gutenburg_max_per_row":"","footnotes":""},"categories":[6],"tags":[],"class_list":["post-58146","post","type-post","status-publish","format-standard","has-post-thumbnail","hentry","category-cidades"],"_links":{"self":[{"href":"https:\/\/www.caririemacao.com\/1\/wp-json\/wp\/v2\/posts\/58146","targetHints":{"allow":["GET"]}}],"collection":[{"href":"https:\/\/www.caririemacao.com\/1\/wp-json\/wp\/v2\/posts"}],"about":[{"href":"https:\/\/www.caririemacao.com\/1\/wp-json\/wp\/v2\/types\/post"}],"author":[{"embeddable":true,"href":"https:\/\/www.caririemacao.com\/1\/wp-json\/wp\/v2\/users\/2"}],"replies":[{"embeddable":true,"href":"https:\/\/www.caririemacao.com\/1\/wp-json\/wp\/v2\/comments?post=58146"}],"version-history":[{"count":1,"href":"https:\/\/www.caririemacao.com\/1\/wp-json\/wp\/v2\/posts\/58146\/revisions"}],"predecessor-version":[{"id":58148,"href":"https:\/\/www.caririemacao.com\/1\/wp-json\/wp\/v2\/posts\/58146\/revisions\/58148"}],"wp:featuredmedia":[{"embeddable":true,"href":"https:\/\/www.caririemacao.com\/1\/wp-json\/wp\/v2\/media\/58147"}],"wp:attachment":[{"href":"https:\/\/www.caririemacao.com\/1\/wp-json\/wp\/v2\/media?parent=58146"}],"wp:term":[{"taxonomy":"category","embeddable":true,"href":"https:\/\/www.caririemacao.com\/1\/wp-json\/wp\/v2\/categories?post=58146"},{"taxonomy":"post_tag","embeddable":true,"href":"https:\/\/www.caririemacao.com\/1\/wp-json\/wp\/v2\/tags?post=58146"}],"curies":[{"name":"wp","href":"https:\/\/api.w.org\/{rel}","templated":true}]}}