{"id":58355,"date":"2018-07-23T16:29:31","date_gmt":"2018-07-23T19:29:31","guid":{"rendered":"http:\/\/caririemacao.com\/1\/?p=58355"},"modified":"2018-07-23T16:29:31","modified_gmt":"2018-07-23T19:29:31","slug":"prefeitura-de-amparo-e-secretaria-de-educacao-realizaram-entrega-de-kits-escolares-para-alunos-da-rede-municipal","status":"publish","type":"post","link":"https:\/\/www.caririemacao.com\/1\/2018\/07\/23\/prefeitura-de-amparo-e-secretaria-de-educacao-realizaram-entrega-de-kits-escolares-para-alunos-da-rede-municipal\/","title":{"rendered":"Prefeitura de Amparo e Secretaria de Educa\u00e7\u00e3o realizaram entrega de Kits Escolares para alunos da Rede Municipal"},"content":{"rendered":"<p>A Prefeitura Municipal de Amparo, por meio da Secretaria Municipal da Educa\u00e7\u00e3o realizou nessa ultima semana a entrega de 600 Kits Escolares para os alunos da Rede Municipal de Ensino do munic\u00edpio e tamb\u00e9m dos alunos do EJA. Os Kits cont\u00e9m Caderno, Caneta, L\u00e1pis\u00a0Grafite, Borracha, Tesoura, Cola Branca, Apontador e uma r\u00e9gua.<\/p>\n<p>A doa\u00e7\u00e3o dos Kits faz parte da responsabilidade social e educacional da prefeitura, no sentido de prover condi\u00e7\u00f5es para que os alunos frequentem as aulas e assim possam aprender de forma significativa.<\/p>\n<p>Fazer educa\u00e7\u00e3o de qualidade \u00e9 um desafio a ser conquistado em todos os dias do ano letivo. Por isso, atrav\u00e9s de um planejamento estrat\u00e9gico, pautado na transpar\u00eancia e divulga\u00e7\u00e3o das a\u00e7\u00f5es, a Secret\u00e1ria Fabiana Feitosa convida a todos a continuar acompanhando e contribuindo para a melhoria da qualidade da educa\u00e7\u00e3o de nosso munic\u00edpio.<\/p>\n<p><strong>CARIRI EM A\u00c7\u00c3O<\/strong><\/p>\n<p>Com Amparo Ligado\/ Foto: Reprodu\u00e7\u00e3o<\/p>\n<p>Leia mais not\u00edcias em\u00a0<a href=\"http:\/\/www.caririemacao.com\/\">caririemacao.com<\/a>, siga nossa p\u00e1gina no\u00a0<a href=\"https:\/\/www.facebook.com\/CaririEmAcao\/?ref=aymt_homepage_panel\">Facebook<\/a>,\u00a0<a href=\"https:\/\/www.instagram.com\/cariri_em_acao\/?hl=pt-br\">Instagram<\/a>\u00a0e\u00a0<a href=\"https:\/\/www.youtube.com\/channel\/UCAptA0jQuYQy8vMhLt2m4qg\">Youtube<\/a>\u00a0e veja nossas mat\u00e9rias, v\u00eddeos e fotos. Voc\u00ea tamb\u00e9m pode enviar informa\u00e7\u00f5es \u00e0 Reda\u00e7\u00e3o do Portal Cariri em A\u00e7\u00e3o pelo WhatsApp (83) 9 9634.5791, (83) 9 9601-1162.<\/p>\n","protected":false},"excerpt":{"rendered":"<p>A Prefeitura Municipal de Amparo, por meio da Secretaria Municipal da Educa\u00e7\u00e3o realizou nessa ultima semana a entrega de 600 Kits Escolares para os alunos&hellip; <\/p>\n","protected":false},"author":2,"featured_media":58356,"comment_status":"closed","ping_status":"closed","sticky":false,"template":"","format":"standard","meta":{"sfsi_plus_gutenberg_text_before_share":"","sfsi_plus_gutenberg_show_text_before_share":"","sfsi_plus_gutenberg_icon_type":"","sfsi_plus_gutenberg_icon_alignemt":"","sfsi_plus_gutenburg_max_per_row":"","footnotes":""},"categories":[14],"tags":[],"class_list":["post-58355","post","type-post","status-publish","format-standard","has-post-thumbnail","hentry","category-educacao"],"_links":{"self":[{"href":"https:\/\/www.caririemacao.com\/1\/wp-json\/wp\/v2\/posts\/58355","targetHints":{"allow":["GET"]}}],"collection":[{"href":"https:\/\/www.caririemacao.com\/1\/wp-json\/wp\/v2\/posts"}],"about":[{"href":"https:\/\/www.caririemacao.com\/1\/wp-json\/wp\/v2\/types\/post"}],"author":[{"embeddable":true,"href":"https:\/\/www.caririemacao.com\/1\/wp-json\/wp\/v2\/users\/2"}],"replies":[{"embeddable":true,"href":"https:\/\/www.caririemacao.com\/1\/wp-json\/wp\/v2\/comments?post=58355"}],"version-history":[{"count":1,"href":"https:\/\/www.caririemacao.com\/1\/wp-json\/wp\/v2\/posts\/58355\/revisions"}],"predecessor-version":[{"id":58357,"href":"https:\/\/www.caririemacao.com\/1\/wp-json\/wp\/v2\/posts\/58355\/revisions\/58357"}],"wp:featuredmedia":[{"embeddable":true,"href":"https:\/\/www.caririemacao.com\/1\/wp-json\/wp\/v2\/media\/58356"}],"wp:attachment":[{"href":"https:\/\/www.caririemacao.com\/1\/wp-json\/wp\/v2\/media?parent=58355"}],"wp:term":[{"taxonomy":"category","embeddable":true,"href":"https:\/\/www.caririemacao.com\/1\/wp-json\/wp\/v2\/categories?post=58355"},{"taxonomy":"post_tag","embeddable":true,"href":"https:\/\/www.caririemacao.com\/1\/wp-json\/wp\/v2\/tags?post=58355"}],"curies":[{"name":"wp","href":"https:\/\/api.w.org\/{rel}","templated":true}]}}