{"id":58363,"date":"2018-07-23T16:54:37","date_gmt":"2018-07-23T19:54:37","guid":{"rendered":"http:\/\/caririemacao.com\/1\/?p=58363"},"modified":"2018-07-23T20:39:30","modified_gmt":"2018-07-23T23:39:30","slug":"ex-prefeita-de-monteiro-e-procurada-pela-justica-para-cumprir-decisao-judicial","status":"publish","type":"post","link":"https:\/\/www.caririemacao.com\/1\/2018\/07\/23\/ex-prefeita-de-monteiro-e-procurada-pela-justica-para-cumprir-decisao-judicial\/","title":{"rendered":"Ex-prefeita de Monteiro \u00e9 procurada pela justi\u00e7a para cumprir decis\u00e3o judicial"},"content":{"rendered":"<p>A ex-prefeita de Monteiro e pr\u00e9-candidata a deputada federal pelo PSDB, Edna Henrique,est\u00e1 sendo procurada pela justi\u00e7a para ser notificada sobre a decis\u00e3o judicial contida no processo de n\u00ba 00010472020138150241, em que foi denunciada e condenada por ter realizado durante os anos de 2009\/2012, diversas contrata\u00e7\u00f5es de servidores de maneira irregular com o \u00fanico objetivo de burlar as leis.<\/p>\n<p>Em consequ\u00eancia desta pr\u00e1tica irregular, a ex-prefeita Edna Henrique foi condenada nas penas do Inciso III do Art. 12 da Lei de Improbidade administrativa ao pagamento de uma multa no valor de doze vezes o valor da \u00faltima remunera\u00e7\u00e3o percebida no cargo de Prefeita de Monteiro, perfazendo um total de R$ 180.000,00 (cento e oitenta mil reais).<\/p>\n<p>Ap\u00f3s o tr\u00e2nsito em julgado da decis\u00e3o, o Minist\u00e9rio P\u00fablico iniciou a execu\u00e7\u00e3o do julgado, mas, at\u00e9 a \u00faltima sexta-feira, dia 20 de julho, n\u00e3o havia obtido \u00eaxito, uma vez que o Oficial de Justi\u00e7a certificou que a ex-prefeita Edna Henrique n\u00e3o mais reside em Monteiro, informando o endere\u00e7o da Comarca de Jo\u00e3o Pessoa, pra onde foi enviada Carta Precat\u00f3ria na tentativa de localiza-la.<\/p>\n<p>Apesar de Edna Henrique ser pr\u00e9-candidata a deputada federal e estar em plena campanha, ela ainda n\u00e3o foi localizada pela Justi\u00e7a para pagar o que deve.<\/p>\n<p><strong>CARIRI EM A\u00c7\u00c3O<\/strong><\/p>\n<p>Com Tiano Lucena\/Foto: Reprodu\u00e7\u00e3o Internet<\/p>\n<p>Leia mais not\u00edcias em\u00a0<a href=\"http:\/\/www.caririemacao.com\/\">caririemacao.com<\/a>, siga nossa p\u00e1gina no\u00a0<a href=\"https:\/\/www.facebook.com\/CaririEmAcao\/?ref=aymt_homepage_panel\">Facebook<\/a>,\u00a0<a href=\"https:\/\/www.instagram.com\/cariri_em_acao\/?hl=pt-br\">Instagram<\/a>\u00a0e\u00a0<a href=\"https:\/\/www.youtube.com\/channel\/UCAptA0jQuYQy8vMhLt2m4qg\">Youtube<\/a>\u00a0e veja nossas mat\u00e9rias, v\u00eddeos e fotos. Voc\u00ea tamb\u00e9m pode enviar informa\u00e7\u00f5es \u00e0 Reda\u00e7\u00e3o do Portal Cariri em A\u00e7\u00e3o pelo WhatsApp<\/p>\n","protected":false},"excerpt":{"rendered":"<p>A ex-prefeita de Monteiro e pr\u00e9-candidata a deputada federal pelo PSDB, Edna Henrique,est\u00e1 sendo procurada pela justi\u00e7a para ser notificada sobre a decis\u00e3o judicial contida&hellip; <\/p>\n","protected":false},"author":2,"featured_media":10234,"comment_status":"closed","ping_status":"closed","sticky":false,"template":"","format":"standard","meta":{"sfsi_plus_gutenberg_text_before_share":"","sfsi_plus_gutenberg_show_text_before_share":"","sfsi_plus_gutenberg_icon_type":"","sfsi_plus_gutenberg_icon_alignemt":"","sfsi_plus_gutenburg_max_per_row":"","footnotes":""},"categories":[11],"tags":[],"class_list":["post-58363","post","type-post","status-publish","format-standard","has-post-thumbnail","hentry","category-politica"],"_links":{"self":[{"href":"https:\/\/www.caririemacao.com\/1\/wp-json\/wp\/v2\/posts\/58363","targetHints":{"allow":["GET"]}}],"collection":[{"href":"https:\/\/www.caririemacao.com\/1\/wp-json\/wp\/v2\/posts"}],"about":[{"href":"https:\/\/www.caririemacao.com\/1\/wp-json\/wp\/v2\/types\/post"}],"author":[{"embeddable":true,"href":"https:\/\/www.caririemacao.com\/1\/wp-json\/wp\/v2\/users\/2"}],"replies":[{"embeddable":true,"href":"https:\/\/www.caririemacao.com\/1\/wp-json\/wp\/v2\/comments?post=58363"}],"version-history":[{"count":2,"href":"https:\/\/www.caririemacao.com\/1\/wp-json\/wp\/v2\/posts\/58363\/revisions"}],"predecessor-version":[{"id":58382,"href":"https:\/\/www.caririemacao.com\/1\/wp-json\/wp\/v2\/posts\/58363\/revisions\/58382"}],"wp:featuredmedia":[{"embeddable":true,"href":"https:\/\/www.caririemacao.com\/1\/wp-json\/wp\/v2\/media\/10234"}],"wp:attachment":[{"href":"https:\/\/www.caririemacao.com\/1\/wp-json\/wp\/v2\/media?parent=58363"}],"wp:term":[{"taxonomy":"category","embeddable":true,"href":"https:\/\/www.caririemacao.com\/1\/wp-json\/wp\/v2\/categories?post=58363"},{"taxonomy":"post_tag","embeddable":true,"href":"https:\/\/www.caririemacao.com\/1\/wp-json\/wp\/v2\/tags?post=58363"}],"curies":[{"name":"wp","href":"https:\/\/api.w.org\/{rel}","templated":true}]}}