{"id":58365,"date":"2018-07-23T17:00:05","date_gmt":"2018-07-23T20:00:05","guid":{"rendered":"http:\/\/caririemacao.com\/1\/?p=58365"},"modified":"2018-07-23T17:00:05","modified_gmt":"2018-07-23T20:00:05","slug":"cartaxo-diz-que-manoel-junior-mentiu","status":"publish","type":"post","link":"https:\/\/www.caririemacao.com\/1\/2018\/07\/23\/cartaxo-diz-que-manoel-junior-mentiu\/","title":{"rendered":"Cartaxo diz que Manoel Junior mentiu"},"content":{"rendered":"<p>O prefeito de Jo\u00e3o Pessoa, Luciano Cartaxo (PV), durante o lan\u00e7amento do novo Portal da Transpar\u00eancia da prefeitura, nesta segunda-feira (23), comentou as \u00faltimas declara\u00e7\u00f5es do vice-prefeito e pr\u00e9-candidato ao Senado, Manoel J\u00fanior (PSC), que anunciou para a imprensa que ele e o prefeito teriam combinado que Luciano votaria nele nestas elei\u00e7\u00f5es independentemente das escolhas partid\u00e1rias.<\/p>\n<p>Segundo Cartaxo, o compromisso que ele tem com Manoel J\u00fanior \u00e9 apenas com a melhoria da cidade. \u201cMeu compromisso com ele a Para\u00edba toda conhece: \u00e9 o de darmos as m\u00e3os para fazer mais pela cidade de Joao Pessoa como estamos fazendo hoje. Esse \u00e9 o nosso compromisso, em considera\u00e7\u00e3o a melhoria da cidade\u201d, falou o prefeito.<\/p>\n<p>Sobre o processo de 2018, Cartaxo esclareceu ele est\u00e1 se dando com muito dialogo e respeito aos partidos para que consigam montar uma chapa forte.<\/p>\n<p><strong>CARIRI EM A\u00c7\u00c3O<\/strong><\/p>\n<p>Com Bastidores da Pol\u00edtica\/Foto: Reprodu\u00e7\u00e3o Internet<\/p>\n<p>Leia mais not\u00edcias em\u00a0<a href=\"http:\/\/www.caririemacao.com\/\">caririemacao.com<\/a>, siga nossa p\u00e1gina no\u00a0<a href=\"https:\/\/www.facebook.com\/CaririEmAcao\/?ref=aymt_homepage_panel\">Facebook<\/a>,\u00a0<a href=\"https:\/\/www.instagram.com\/cariri_em_acao\/?hl=pt-br\">Instagram<\/a>\u00a0e\u00a0<a href=\"https:\/\/www.youtube.com\/channel\/UCAptA0jQuYQy8vMhLt2m4qg\">Youtube<\/a>\u00a0e veja nossas mat\u00e9rias, v\u00eddeos e fotos. Voc\u00ea tamb\u00e9m pode enviar informa\u00e7\u00f5es \u00e0 Reda\u00e7\u00e3o do Portal Cariri em A\u00e7\u00e3o pelo WhatsApp<\/p>\n","protected":false},"excerpt":{"rendered":"<p>O prefeito de Jo\u00e3o Pessoa, Luciano Cartaxo (PV), durante o lan\u00e7amento do novo Portal da Transpar\u00eancia da prefeitura, nesta segunda-feira (23), comentou as \u00faltimas declara\u00e7\u00f5es&hellip; <\/p>\n","protected":false},"author":2,"featured_media":58366,"comment_status":"closed","ping_status":"closed","sticky":false,"template":"","format":"standard","meta":{"sfsi_plus_gutenberg_text_before_share":"","sfsi_plus_gutenberg_show_text_before_share":"","sfsi_plus_gutenberg_icon_type":"","sfsi_plus_gutenberg_icon_alignemt":"","sfsi_plus_gutenburg_max_per_row":"","footnotes":""},"categories":[11],"tags":[],"class_list":["post-58365","post","type-post","status-publish","format-standard","has-post-thumbnail","hentry","category-politica"],"_links":{"self":[{"href":"https:\/\/www.caririemacao.com\/1\/wp-json\/wp\/v2\/posts\/58365","targetHints":{"allow":["GET"]}}],"collection":[{"href":"https:\/\/www.caririemacao.com\/1\/wp-json\/wp\/v2\/posts"}],"about":[{"href":"https:\/\/www.caririemacao.com\/1\/wp-json\/wp\/v2\/types\/post"}],"author":[{"embeddable":true,"href":"https:\/\/www.caririemacao.com\/1\/wp-json\/wp\/v2\/users\/2"}],"replies":[{"embeddable":true,"href":"https:\/\/www.caririemacao.com\/1\/wp-json\/wp\/v2\/comments?post=58365"}],"version-history":[{"count":1,"href":"https:\/\/www.caririemacao.com\/1\/wp-json\/wp\/v2\/posts\/58365\/revisions"}],"predecessor-version":[{"id":58367,"href":"https:\/\/www.caririemacao.com\/1\/wp-json\/wp\/v2\/posts\/58365\/revisions\/58367"}],"wp:featuredmedia":[{"embeddable":true,"href":"https:\/\/www.caririemacao.com\/1\/wp-json\/wp\/v2\/media\/58366"}],"wp:attachment":[{"href":"https:\/\/www.caririemacao.com\/1\/wp-json\/wp\/v2\/media?parent=58365"}],"wp:term":[{"taxonomy":"category","embeddable":true,"href":"https:\/\/www.caririemacao.com\/1\/wp-json\/wp\/v2\/categories?post=58365"},{"taxonomy":"post_tag","embeddable":true,"href":"https:\/\/www.caririemacao.com\/1\/wp-json\/wp\/v2\/tags?post=58365"}],"curies":[{"name":"wp","href":"https:\/\/api.w.org\/{rel}","templated":true}]}}