{"id":58370,"date":"2018-07-23T17:16:45","date_gmt":"2018-07-23T20:16:45","guid":{"rendered":"http:\/\/caririemacao.com\/1\/?p=58370"},"modified":"2018-07-23T17:16:45","modified_gmt":"2018-07-23T20:16:45","slug":"prefeitura-de-sao-sebastiao-do-umbuzeiro-realiza-reuniao-com-artesaos","status":"publish","type":"post","link":"https:\/\/www.caririemacao.com\/1\/2018\/07\/23\/prefeitura-de-sao-sebastiao-do-umbuzeiro-realiza-reuniao-com-artesaos\/","title":{"rendered":"Prefeitura de S\u00e3o Sebasti\u00e3o do Umbuzeiro realiza reuni\u00e3o com artes\u00e3os"},"content":{"rendered":"<p>A prefeitura de S\u00e3o Sebasti\u00e3o do Umbuzeiro, atrav\u00e9s da Secretaria de Assist\u00eancia Social e do Desenvolvimento Humano e CRAS juntamente com Ana de Vicente, realizaram, na manh\u00e3 desta segunda-feira (23), no Centro Cultural Jussinando de Freitas Neves, a primeira reuni\u00e3o com os artes\u00e3os do munic\u00edpio.<\/p>\n<p>O encontro teve como objetivo definir a programa\u00e7\u00e3o das a\u00e7\u00f5es para o segmento, al\u00e9m de realizar a primeira feira de artes\u00e3o do munic\u00edpio. Durante a reuni\u00e3o ficou definido a data da primeira feira de artesanato, que ser\u00e1 realizada nos dias 03 e 04 de novembro do corrente ano.<\/p>\n<p>O prefeito Adriano Wolff, ressaltou a import\u00e2ncia do artesanato como fonte geradora de renda e fomento do turismo local.<\/p>\n<p>\u201cPrecisamos conhecer o artesanato de S\u00e3o Sebasti\u00e3o do Umbuzeiro, a prefeitura ir\u00e1 incentivar o trabalho dos artes\u00e3os local e as suas potencialidades, iremos investir e capacitar o trabalho de todos voc\u00eas, para que possam ter renda e futuramente iremos construir o espa\u00e7o do artes\u00e3o do munic\u00edpio, com o espa\u00e7o f\u00edsico iremos atrair mais visitantes e turistas\u201d, enfatizou o prefeito.<\/p>\n<p>A reuni\u00e3o contou com a presen\u00e7a dos artes\u00e3os de v\u00e1rios segmentos, do prefeito Adriano Wolff, Ana de Vicente, Joaquina, Secret\u00e1ria de Assist\u00eancia Social, Secret\u00e1rio, Paulo Feitosa, vereadora Celinha e Dorgival do Banco do Nordeste.<\/p>\n<p><strong>CARIRI EM A\u00c7\u00c3O<\/strong><\/p>\n<p>Com Blog do Didi\/Foto: Reprodu\u00e7\u00e3o<\/p>\n<p>Leia mais not\u00edcias em\u00a0<a style=\"font-style: inherit; font-weight: inherit;\" href=\"http:\/\/www.caririemacao.com\/\">caririemacao.com<\/a>, siga nossa p\u00e1gina no\u00a0<a style=\"font-style: inherit; font-weight: inherit;\" href=\"https:\/\/www.facebook.com\/CaririEmAcao\/?ref=aymt_homepage_panel\">Facebook<\/a>,\u00a0<a style=\"font-style: inherit; font-weight: inherit;\" href=\"https:\/\/www.instagram.com\/cariri_em_acao\/?hl=pt-br\">Instagram<\/a>\u00a0e\u00a0<a style=\"font-style: inherit; font-weight: inherit;\" href=\"https:\/\/www.youtube.com\/channel\/UCAptA0jQuYQy8vMhLt2m4qg\">Youtube<\/a>\u00a0e veja nossas mat\u00e9rias, v\u00eddeos e fotos. Voc\u00ea tamb\u00e9m pode enviar informa\u00e7\u00f5es \u00e0 Reda\u00e7\u00e3o do Portal Cariri em A\u00e7\u00e3o pelo WhatsApp<\/p>\n<p>&nbsp;<\/p>\n","protected":false},"excerpt":{"rendered":"<p>A prefeitura de S\u00e3o Sebasti\u00e3o do Umbuzeiro, atrav\u00e9s da Secretaria de Assist\u00eancia Social e do Desenvolvimento Humano e CRAS juntamente com Ana de Vicente, realizaram,&hellip; <\/p>\n","protected":false},"author":2,"featured_media":58371,"comment_status":"closed","ping_status":"closed","sticky":false,"template":"","format":"standard","meta":{"sfsi_plus_gutenberg_text_before_share":"","sfsi_plus_gutenberg_show_text_before_share":"","sfsi_plus_gutenberg_icon_type":"","sfsi_plus_gutenberg_icon_alignemt":"","sfsi_plus_gutenburg_max_per_row":"","footnotes":""},"categories":[6],"tags":[],"class_list":["post-58370","post","type-post","status-publish","format-standard","has-post-thumbnail","hentry","category-cidades"],"_links":{"self":[{"href":"https:\/\/www.caririemacao.com\/1\/wp-json\/wp\/v2\/posts\/58370","targetHints":{"allow":["GET"]}}],"collection":[{"href":"https:\/\/www.caririemacao.com\/1\/wp-json\/wp\/v2\/posts"}],"about":[{"href":"https:\/\/www.caririemacao.com\/1\/wp-json\/wp\/v2\/types\/post"}],"author":[{"embeddable":true,"href":"https:\/\/www.caririemacao.com\/1\/wp-json\/wp\/v2\/users\/2"}],"replies":[{"embeddable":true,"href":"https:\/\/www.caririemacao.com\/1\/wp-json\/wp\/v2\/comments?post=58370"}],"version-history":[{"count":1,"href":"https:\/\/www.caririemacao.com\/1\/wp-json\/wp\/v2\/posts\/58370\/revisions"}],"predecessor-version":[{"id":58372,"href":"https:\/\/www.caririemacao.com\/1\/wp-json\/wp\/v2\/posts\/58370\/revisions\/58372"}],"wp:featuredmedia":[{"embeddable":true,"href":"https:\/\/www.caririemacao.com\/1\/wp-json\/wp\/v2\/media\/58371"}],"wp:attachment":[{"href":"https:\/\/www.caririemacao.com\/1\/wp-json\/wp\/v2\/media?parent=58370"}],"wp:term":[{"taxonomy":"category","embeddable":true,"href":"https:\/\/www.caririemacao.com\/1\/wp-json\/wp\/v2\/categories?post=58370"},{"taxonomy":"post_tag","embeddable":true,"href":"https:\/\/www.caririemacao.com\/1\/wp-json\/wp\/v2\/tags?post=58370"}],"curies":[{"name":"wp","href":"https:\/\/api.w.org\/{rel}","templated":true}]}}