{"id":58373,"date":"2018-07-23T17:19:16","date_gmt":"2018-07-23T20:19:16","guid":{"rendered":"http:\/\/caririemacao.com\/1\/?p=58373"},"modified":"2018-07-23T17:19:16","modified_gmt":"2018-07-23T20:19:16","slug":"mpf-denuncia-homem-que-se-apossou-de-terras-destinadas-a-reforma-agraria-em-solanea","status":"publish","type":"post","link":"https:\/\/www.caririemacao.com\/1\/2018\/07\/23\/mpf-denuncia-homem-que-se-apossou-de-terras-destinadas-a-reforma-agraria-em-solanea\/","title":{"rendered":"MPF denuncia homem que se apossou de terras destinadas \u00e0 reforma agr\u00e1ria em Sol\u00e2nea"},"content":{"rendered":"<p>O Minist\u00e9rio P\u00fablico Federal (MPF) em Guarabira (PB) denunciou o cidad\u00e3o Jos\u00e9 Luciano da Silva por usurpa\u00e7\u00e3o de terras da Uni\u00e3o. Ele \u00e9 acusado de ocupar irregularmente o projeto de assentamento Dom Jos\u00e9 Maria Pires, localizado no S\u00edtio Lagoa de Pedra, zona rural do munic\u00edpio de Sol\u00e2nea (PB). As terras pertencem ao Instituto Nacional de Coloniza\u00e7\u00e3o e Reforma Agr\u00e1ria (Incra) e s\u00e3o destinadas \u00e0 pol\u00edtica de reforma agr\u00e1ria.<\/p>\n<p>Segundo a den\u00fancia, o denunciado age com viol\u00eancia, expulsando os demais colonos de suas posses, valendo-se, at\u00e9 mesmo, de \u201cseguran\u00e7as\u201d para intimidar e expulsar tantos quantos se insurjam contra sua \u201cautoridade\u201d, intitulando-se senhor do assentamento, mesmo ap\u00f3s ser notificado pelo Incra-PB para desocupar a \u00e1rea.<\/p>\n<p>De acordo com o Incra, o denunciado sequer poder\u00e1 ser agraciado com algum lote no futuro assentamento Dom Jos\u00e9 Maria Pires, uma vez que j\u00e1 \u00e9 assentado no projeto de assentamento Paulo Freire I, localizado no munic\u00edpio de Algod\u00e3o de Janda\u00edra (PB), desde 19\/12\/2008.<\/p>\n<p>De acordo com o artigo 20, par\u00e1grafo \u00fanico, da Lei Agr\u00e1ria (4.947\/66), a pena para quem invade terras da Uni\u00e3o, dos estados e dos munic\u00edpios, com inten\u00e7\u00e3o de ocup\u00e1-las, \u00e9 de seis meses a tr\u00eas anos de deten\u00e7\u00e3o.<\/p>\n<p><strong>Medidas cautelares<\/strong>\u00a0\u2013 Al\u00e9m da den\u00fancia, o MPF em Guarabira ajuizou a\u00e7\u00e3o cautelar criminal contra Jos\u00e9 Luciano da Silva, para que ele seja proibido de acessar, visitar, permanecer e transitar em qualquer trecho do assentamento Dom Jos\u00e9 Maria Pires. O MPF quer ainda que ele seja obrigado a comparecer mensalmente em ju\u00edzo para justificar suas atividades; proibido de ausentar-se da comarca, devendo informar em ju\u00edzo o endere\u00e7o em que residir\u00e1 a partir de quando deixar o assentamento; entre outras medidas.<\/p>\n<p>De acordo com o MPF, a medida cautelar justifica-se como provid\u00eancia necess\u00e1ria para impedir que o requerido possa vir a praticar novas infra\u00e7\u00f5es penais, bem como assegurar a credibilidade do sistema de Justi\u00e7a.<\/p>\n<p><strong>Outros atos il\u00edcitos<\/strong>\u00a0\u2013 Foi identificada pelo MPF em Guarabira a exist\u00eancia de, ao menos, dois Termos Circunstanciados de Ocorr\u00eancia nos quais Jos\u00e9 Luciano figura como autor do fato: TCO 054\/2018 (constrangimento ilegal \u2013 artigo 146, \u00a7 1\u00ba, do CPB) e TCO 162\/2017 (amea\u00e7a \u2013 artigo 147 do CPB).<\/p>\n<p>Em comum, esses termos circunstanciados atestam que o requerido age como se fosse o pr\u00f3prio senhor do assentamento, decidindo quem fica e quem sai, utilizando-se, inclusive, de for\u00e7a f\u00edsica e do aux\u00edlio de comparsas para intimidar e coagir outros assentados a deixarem o local.<\/p>\n<p>Al\u00e9m disso, Jos\u00e9 Luciano foi condenado por ter realizado liga\u00e7\u00e3o clandestina de \u00e1gua para fins de irriga\u00e7\u00e3o no projeto de assentamento Dom Jos\u00e9 Maria Pires, a partir de adutora da Cagepa, entre os meses de dezembro de 2012 e janeiro de 2013.<\/p>\n<p>\u201cA contum\u00e1cia do requerido na pr\u00e1tica de diversas modalidades de infra\u00e7\u00f5es penais no mesmo \u00e2mbito espacial, evidencia a insufici\u00eancia das primeiras atua\u00e7\u00f5es estatais (administrativas por parte do Incra-PB, criminais por parte da autoridade policial local e do Poder Judici\u00e1rio) para inibi\u00e7\u00e3o de novos il\u00edcitos e autoriza a formula\u00e7\u00e3o segura de um progn\u00f3stico de certeza de reitera\u00e7\u00e3o delitiva. A assertiva ganha ainda maior sustenta\u00e7\u00e3o diante da constata\u00e7\u00e3o de que as pr\u00e1ticas criminosas persistem mesmo ap\u00f3s o requerido ser condenado criminalmente na a\u00e7\u00e3o penal, o que demonstra a indiferen\u00e7a do demandado face \u00e0s admoesta\u00e7\u00f5es do Poder Judici\u00e1rio, a denotar sua intensa predisposi\u00e7\u00e3o em violar a lei. Portanto, urge tutelar a ordem p\u00fablica face a esse risco real de reincid\u00eancia delitiva, lan\u00e7ando m\u00e3o dos instrumentos processuais penais vocacionados a tanto\u201d, declarou o procurador do caso na a\u00e7\u00e3o cautelar.<\/p>\n<p><strong>CARIRI EM A\u00c7\u00c3O<\/strong><\/p>\n<p>Com ascom\/Foto: Reprodu\u00e7\u00e3o Internet<\/p>\n<p>Leia mais not\u00edcias em\u00a0<a style=\"font-style: inherit; font-weight: inherit;\" href=\"http:\/\/www.caririemacao.com\/\">caririemacao.com<\/a>, siga nossa p\u00e1gina no\u00a0<a style=\"font-style: inherit; font-weight: inherit;\" href=\"https:\/\/www.facebook.com\/CaririEmAcao\/?ref=aymt_homepage_panel\">Facebook<\/a>,\u00a0<a style=\"font-style: inherit; font-weight: inherit;\" href=\"https:\/\/www.instagram.com\/cariri_em_acao\/?hl=pt-br\">Instagram<\/a>\u00a0e\u00a0<a style=\"font-style: inherit; font-weight: inherit;\" href=\"https:\/\/www.youtube.com\/channel\/UCAptA0jQuYQy8vMhLt2m4qg\">Youtube<\/a>\u00a0e veja nossas mat\u00e9rias, v\u00eddeos e fotos. Voc\u00ea tamb\u00e9m pode enviar informa\u00e7\u00f5es \u00e0 Reda\u00e7\u00e3o do Portal Cariri em A\u00e7\u00e3o pelo WhatsApp<\/p>\n<p>&nbsp;<\/p>\n","protected":false},"excerpt":{"rendered":"<p>O Minist\u00e9rio P\u00fablico Federal (MPF) em Guarabira (PB) denunciou o cidad\u00e3o Jos\u00e9 Luciano da Silva por usurpa\u00e7\u00e3o de terras da Uni\u00e3o. Ele \u00e9 acusado de&hellip; <\/p>\n","protected":false},"author":2,"featured_media":42016,"comment_status":"closed","ping_status":"closed","sticky":false,"template":"","format":"standard","meta":{"sfsi_plus_gutenberg_text_before_share":"","sfsi_plus_gutenberg_show_text_before_share":"","sfsi_plus_gutenberg_icon_type":"","sfsi_plus_gutenberg_icon_alignemt":"","sfsi_plus_gutenburg_max_per_row":"","footnotes":""},"categories":[2],"tags":[],"class_list":["post-58373","post","type-post","status-publish","format-standard","has-post-thumbnail","hentry","category-geral"],"_links":{"self":[{"href":"https:\/\/www.caririemacao.com\/1\/wp-json\/wp\/v2\/posts\/58373","targetHints":{"allow":["GET"]}}],"collection":[{"href":"https:\/\/www.caririemacao.com\/1\/wp-json\/wp\/v2\/posts"}],"about":[{"href":"https:\/\/www.caririemacao.com\/1\/wp-json\/wp\/v2\/types\/post"}],"author":[{"embeddable":true,"href":"https:\/\/www.caririemacao.com\/1\/wp-json\/wp\/v2\/users\/2"}],"replies":[{"embeddable":true,"href":"https:\/\/www.caririemacao.com\/1\/wp-json\/wp\/v2\/comments?post=58373"}],"version-history":[{"count":1,"href":"https:\/\/www.caririemacao.com\/1\/wp-json\/wp\/v2\/posts\/58373\/revisions"}],"predecessor-version":[{"id":58374,"href":"https:\/\/www.caririemacao.com\/1\/wp-json\/wp\/v2\/posts\/58373\/revisions\/58374"}],"wp:featuredmedia":[{"embeddable":true,"href":"https:\/\/www.caririemacao.com\/1\/wp-json\/wp\/v2\/media\/42016"}],"wp:attachment":[{"href":"https:\/\/www.caririemacao.com\/1\/wp-json\/wp\/v2\/media?parent=58373"}],"wp:term":[{"taxonomy":"category","embeddable":true,"href":"https:\/\/www.caririemacao.com\/1\/wp-json\/wp\/v2\/categories?post=58373"},{"taxonomy":"post_tag","embeddable":true,"href":"https:\/\/www.caririemacao.com\/1\/wp-json\/wp\/v2\/tags?post=58373"}],"curies":[{"name":"wp","href":"https:\/\/api.w.org\/{rel}","templated":true}]}}