{"id":58383,"date":"2018-07-24T20:38:58","date_gmt":"2018-07-24T23:38:58","guid":{"rendered":"http:\/\/caririemacao.com\/1\/?p=58383"},"modified":"2018-07-24T20:38:58","modified_gmt":"2018-07-24T23:38:58","slug":"mulher-e-presa-suspeita-de-agredir-filho-na-pb","status":"publish","type":"post","link":"https:\/\/www.caririemacao.com\/1\/2018\/07\/24\/mulher-e-presa-suspeita-de-agredir-filho-na-pb\/","title":{"rendered":"Mulher \u00e9 presa suspeita de agredir filho na PB"},"content":{"rendered":"<p>Uma mulher foi detida pela pol\u00edcia na noite desta segunda-feira, 23, no bairro Costa e Silva, regi\u00e3o Oeste da capital Paraibana.<\/p>\n<p>De acordo com informa\u00e7\u00f5es da Pol\u00edcia, Ana Claudia, 26 anos, foi denunciada pelo ex-companheiro por ter agredido o filho do casal, de apenas 7 anos. A pol\u00edcia disse que eram por volta das 19h quando os militares foram acionados para atender uma informa\u00e7\u00e3o sobre agress\u00f5es f\u00edsicas \u00e0 uma crian\u00e7a.<\/p>\n<p>Ainda segundo os policias, o casal (atualmente separado) possui quatro filhos e neste final de semana as crian\u00e7as ficaram sob a guarda de Jos\u00e9 Hor\u00e1cio, pai das crian\u00e7as. Nesta segunda, quando retornou para pegar os filhos, Ana Claudia se deparou com uma situa\u00e7\u00e3o nada confort\u00e1vel, j\u00e1 que o filha de 7 anos disse que n\u00e3o queria voltar, com a negativa da crian\u00e7a, a m\u00e3e tentou levar a for\u00e7a e terminou espancando a crian\u00e7a que ficou com v\u00e1rios hematomas pelo corpo.<\/p>\n<p>Todos foram levados para Delegacia da Inf\u00e2ncia e Juventude, na Central de Pol\u00edcia. Ao ser interrogada, a m\u00e3e confessou que estava arrependida, foi indiciada pelo Delegado Luiz Gonzaga e vai responder na Justi\u00e7a pelo crime de les\u00e3o corporal, enquanto que a crian\u00e7a, que apresentava v\u00e1rios hematomas pelo corpo, foi devolvida ao pai.<\/p>\n<p><strong>CARIRI EM A\u00c7\u00c3O<\/strong><\/p>\n<p>Com Wscom\/Foto: Reprodu\u00e7\u00e3o Internet<\/p>\n<p>Leia mais not\u00edcias em\u00a0<a href=\"http:\/\/www.caririemacao.com\/\">caririemacao.com<\/a>, siga nossa p\u00e1gina no\u00a0<a href=\"https:\/\/www.facebook.com\/CaririEmAcao\/?ref=aymt_homepage_panel\">Facebook<\/a>,\u00a0<a href=\"https:\/\/www.instagram.com\/cariri_em_acao\/?hl=pt-br\">Instagram<\/a>\u00a0e\u00a0<a href=\"https:\/\/www.youtube.com\/channel\/UCAptA0jQuYQy8vMhLt2m4qg\">Youtube<\/a>\u00a0e veja nossas mat\u00e9rias, v\u00eddeos e fotos. Voc\u00ea tamb\u00e9m pode enviar informa\u00e7\u00f5es \u00e0 Reda\u00e7\u00e3o do Portal Cariri em A\u00e7\u00e3o pelo WhatsApp (83) 9 9634.5791, (83) 9 9601-1162.<\/p>\n","protected":false},"excerpt":{"rendered":"<p>Uma mulher foi detida pela pol\u00edcia na noite desta segunda-feira, 23, no bairro Costa e Silva, regi\u00e3o Oeste da capital Paraibana. De acordo com informa\u00e7\u00f5es&hellip; <\/p>\n","protected":false},"author":2,"featured_media":3750,"comment_status":"closed","ping_status":"closed","sticky":false,"template":"","format":"standard","meta":{"sfsi_plus_gutenberg_text_before_share":"","sfsi_plus_gutenberg_show_text_before_share":"","sfsi_plus_gutenberg_icon_type":"","sfsi_plus_gutenberg_icon_alignemt":"","sfsi_plus_gutenburg_max_per_row":"","footnotes":""},"categories":[12],"tags":[],"class_list":["post-58383","post","type-post","status-publish","format-standard","has-post-thumbnail","hentry","category-policia"],"_links":{"self":[{"href":"https:\/\/www.caririemacao.com\/1\/wp-json\/wp\/v2\/posts\/58383","targetHints":{"allow":["GET"]}}],"collection":[{"href":"https:\/\/www.caririemacao.com\/1\/wp-json\/wp\/v2\/posts"}],"about":[{"href":"https:\/\/www.caririemacao.com\/1\/wp-json\/wp\/v2\/types\/post"}],"author":[{"embeddable":true,"href":"https:\/\/www.caririemacao.com\/1\/wp-json\/wp\/v2\/users\/2"}],"replies":[{"embeddable":true,"href":"https:\/\/www.caririemacao.com\/1\/wp-json\/wp\/v2\/comments?post=58383"}],"version-history":[{"count":1,"href":"https:\/\/www.caririemacao.com\/1\/wp-json\/wp\/v2\/posts\/58383\/revisions"}],"predecessor-version":[{"id":58551,"href":"https:\/\/www.caririemacao.com\/1\/wp-json\/wp\/v2\/posts\/58383\/revisions\/58551"}],"wp:featuredmedia":[{"embeddable":true,"href":"https:\/\/www.caririemacao.com\/1\/wp-json\/wp\/v2\/media\/3750"}],"wp:attachment":[{"href":"https:\/\/www.caririemacao.com\/1\/wp-json\/wp\/v2\/media?parent=58383"}],"wp:term":[{"taxonomy":"category","embeddable":true,"href":"https:\/\/www.caririemacao.com\/1\/wp-json\/wp\/v2\/categories?post=58383"},{"taxonomy":"post_tag","embeddable":true,"href":"https:\/\/www.caririemacao.com\/1\/wp-json\/wp\/v2\/tags?post=58383"}],"curies":[{"name":"wp","href":"https:\/\/api.w.org\/{rel}","templated":true}]}}