{"id":58384,"date":"2018-07-23T21:29:37","date_gmt":"2018-07-24T00:29:37","guid":{"rendered":"http:\/\/caririemacao.com\/1\/?p=58384"},"modified":"2018-07-23T21:29:37","modified_gmt":"2018-07-24T00:29:37","slug":"deputado-joao-henrique-perde-o-equilibrio-durante-programa-de-radio-em-monteiro","status":"publish","type":"post","link":"https:\/\/www.caririemacao.com\/1\/2018\/07\/23\/deputado-joao-henrique-perde-o-equilibrio-durante-programa-de-radio-em-monteiro\/","title":{"rendered":"Deputado Jo\u00e3o Henrique perde o equil\u00edbrio durante programa de r\u00e1dio em Monteiro"},"content":{"rendered":"<p>O deputado estadual Jo\u00e3o Henrique (PSDB), perdeu o equil\u00edbrio durante a participa\u00e7\u00e3o em um programa de r\u00e1dio em uma emissora pertencente ao parlamentar, nesta segunda-feira (23), e atacou com palavras de baixo cal\u00e3o e acusa\u00e7\u00f5es, pessoas que reproduziram uma mat\u00e9ria divulgada em portais, que falava que sua esposa, a ex-prefeita de Monteiro, Edna Henrique, estava sendo procurada pela Justi\u00e7a para cumprir pena de uma condena\u00e7\u00e3o imposta a ela.<\/p>\n<p>Ao iniciar sua participa\u00e7\u00e3o, Jo\u00e3o Henrique n\u00e3o mediu as palavras e atacou com palavras de baixo cal\u00e3o, o Procurador e tamb\u00e9m Secret\u00e1rio Executivo de Comunica\u00e7\u00e3o do Estado, Ti\u00e3o Lucena, que reproduziu a mat\u00e9ria em seu portal.<\/p>\n<p>\u201cEu gostaria de mim posicionar em rela\u00e7\u00e3o a essa leseira, essa besteira, essa coisa que lastimavelmente foi produzida a partir de Monteiro em coluio com o baba ovo de Princesa Isabel, Ti\u00e3o Lucena, Secret\u00e1rio do Governo do Estado pra tentar desestabilizar a pr\u00e9-candidatura de Edna\u201d, disse o deputado, que \u00e9 conhecido na regi\u00e3o por um estilo de ditador e por fazer uma pol\u00edtica \u00e0 base do coronelismo.<\/p>\n<p>Durante cerca de 10 minutos, Jo\u00e3o Henrique deferiu \u00f3dio e acusa\u00e7\u00f5es de forma indireta contra secret\u00e1rios da gest\u00e3o municipal de Monteiro, e tamb\u00e9m citando de forma indireta o presidente da C\u00e2mara, de estarem envolvido em esc\u00e2ndalos. O parlamentar ainda aproveitou sua participa\u00e7\u00e3o para atacar a prefeita Anna Lorena.<\/p>\n<p>O programa transmitido por uma emissora de r\u00e1dio comunit\u00e1ria pertencente ao deputado Jo\u00e3o Henrique e \u00e9 utilizada como uma esp\u00e9cie de guia eleitoral antecipado.<\/p>\n<p>Nesta ter\u00e7a-feira, 24, quem vai estar participando do programa na Imprensa FM \u00e9 a ex-prefeita Edna Henrique, pr\u00e9-candidata a deputada federal pelo PSDB, que vem intensificando sua campanha em Monteiro.<\/p>\n<p>A ex-prefeita tem revelado as pessoas mais pr\u00f3ximas que vai mostrar a atual prefeita Anna Lorena que ela foi a respons\u00e1vel pela sua elei\u00e7\u00e3o. &#8220;Edna Henrique vai ter a oportunidade de mostrar a sua for\u00e7a e ter\u00e1 mais votos para deputada federal do que Lorena teve para prefeita. Esse \u00e9 o nosso maior desafio e vamos mostrar nas urnas&#8221;, revelou um aliado da ex-prefeita nas redes sociais.<\/p>\n<p><strong>CARIRI EM A\u00c7\u00c3O<\/strong><\/p>\n<p>Com Vitrine do Cariri<\/p>\n<p>Leia mais not\u00edcias em\u00a0<a href=\"http:\/\/www.caririemacao.com\/\">caririemacao.com<\/a>, siga nossa p\u00e1gina no\u00a0<a href=\"https:\/\/www.facebook.com\/CaririEmAcao\/?ref=aymt_homepage_panel\">Facebook<\/a>,\u00a0<a href=\"https:\/\/www.instagram.com\/cariri_em_acao\/?hl=pt-br\">Instagram<\/a>\u00a0e\u00a0<a href=\"https:\/\/www.youtube.com\/channel\/UCAptA0jQuYQy8vMhLt2m4qg\">Youtube<\/a>\u00a0e veja nossas mat\u00e9rias, v\u00eddeos e fotos. Voc\u00ea tamb\u00e9m pode enviar informa\u00e7\u00f5es \u00e0 Reda\u00e7\u00e3o do Portal Cariri em A\u00e7\u00e3o pelo WhatsApp.<\/p>\n","protected":false},"excerpt":{"rendered":"<p>O deputado estadual Jo\u00e3o Henrique (PSDB), perdeu o equil\u00edbrio durante a participa\u00e7\u00e3o em um programa de r\u00e1dio em uma emissora pertencente ao parlamentar, nesta segunda-feira&hellip; <\/p>\n","protected":false},"author":2,"featured_media":58385,"comment_status":"closed","ping_status":"closed","sticky":false,"template":"","format":"standard","meta":{"sfsi_plus_gutenberg_text_before_share":"","sfsi_plus_gutenberg_show_text_before_share":"","sfsi_plus_gutenberg_icon_type":"","sfsi_plus_gutenberg_icon_alignemt":"","sfsi_plus_gutenburg_max_per_row":"","footnotes":""},"categories":[11],"tags":[],"class_list":["post-58384","post","type-post","status-publish","format-standard","has-post-thumbnail","hentry","category-politica"],"_links":{"self":[{"href":"https:\/\/www.caririemacao.com\/1\/wp-json\/wp\/v2\/posts\/58384","targetHints":{"allow":["GET"]}}],"collection":[{"href":"https:\/\/www.caririemacao.com\/1\/wp-json\/wp\/v2\/posts"}],"about":[{"href":"https:\/\/www.caririemacao.com\/1\/wp-json\/wp\/v2\/types\/post"}],"author":[{"embeddable":true,"href":"https:\/\/www.caririemacao.com\/1\/wp-json\/wp\/v2\/users\/2"}],"replies":[{"embeddable":true,"href":"https:\/\/www.caririemacao.com\/1\/wp-json\/wp\/v2\/comments?post=58384"}],"version-history":[{"count":1,"href":"https:\/\/www.caririemacao.com\/1\/wp-json\/wp\/v2\/posts\/58384\/revisions"}],"predecessor-version":[{"id":58386,"href":"https:\/\/www.caririemacao.com\/1\/wp-json\/wp\/v2\/posts\/58384\/revisions\/58386"}],"wp:featuredmedia":[{"embeddable":true,"href":"https:\/\/www.caririemacao.com\/1\/wp-json\/wp\/v2\/media\/58385"}],"wp:attachment":[{"href":"https:\/\/www.caririemacao.com\/1\/wp-json\/wp\/v2\/media?parent=58384"}],"wp:term":[{"taxonomy":"category","embeddable":true,"href":"https:\/\/www.caririemacao.com\/1\/wp-json\/wp\/v2\/categories?post=58384"},{"taxonomy":"post_tag","embeddable":true,"href":"https:\/\/www.caririemacao.com\/1\/wp-json\/wp\/v2\/tags?post=58384"}],"curies":[{"name":"wp","href":"https:\/\/api.w.org\/{rel}","templated":true}]}}