{"id":58388,"date":"2018-07-23T21:46:31","date_gmt":"2018-07-24T00:46:31","guid":{"rendered":"http:\/\/caririemacao.com\/1\/?p=58388"},"modified":"2018-07-23T21:46:31","modified_gmt":"2018-07-24T00:46:31","slug":"pai-de-neymar-ameaca-diretor-da-cbf-e-agride-verbalmente-reporter","status":"publish","type":"post","link":"https:\/\/www.caririemacao.com\/1\/2018\/07\/23\/pai-de-neymar-ameaca-diretor-da-cbf-e-agride-verbalmente-reporter\/","title":{"rendered":"Pai de Neymar amea\u00e7a diretor da CBF e agride verbalmente rep\u00f3rter"},"content":{"rendered":"<p>Na edi\u00e7\u00e3o deste domingo, o jornal Folha de S\u00e3o Paulo publicou mais uma das hist\u00f3rias que envolvem o atacante Neymar.<\/p>\n<p>O seu pai foi o \u00fanico familiar de atleta autorizado a se hospedar no mesmo hotel onde ficou a sele\u00e7\u00e3o brasileira em Sochi (R\u00fassia).<\/p>\n<p>Ap\u00f3s o jogo contra a Su\u00ed\u00e7a, Neymar pai decidiu organizar uma festa no hotel, viabilizando a entrada de v\u00e1rias CONVIDADAS.<\/p>\n<p>Ao ser repreendido pelo coordenador t\u00e9cnico da CBF, Edu Gaspar, Neymar pai amea\u00e7ou bot\u00e1-lo para fora do cargo, informando-o, inclusive, que j\u00e1 teria o nome do substituto: seu amigo Alexandre Mattos, diretor de futebol de Palmeiras.<\/p>\n<p>O fecho desse fato \u00e9 est\u00fapido e repugnante. Ao ser entrevistado pela jornalista\u00a0 Camila Mattoso (Folha), Neymar pai respondeu que na referida festa \u201ceu estava com a sua m\u00e3e. Eu fiz a festa com a sua m\u00e3e\u201d.<\/p>\n<p>*fonte: folhadesaopaulo<\/p>\n<p><strong>CARIRI EM A\u00c7\u00c3O<\/strong><\/p>\n<p>Leia mais not\u00edcias em\u00a0<a href=\"http:\/\/www.caririemacao.com\/\">caririemacao.com<\/a>, siga nossa p\u00e1gina no\u00a0<a href=\"https:\/\/www.facebook.com\/CaririEmAcao\/?ref=aymt_homepage_panel\">Facebook<\/a>,\u00a0<a href=\"https:\/\/www.instagram.com\/cariri_em_acao\/?hl=pt-br\">Instagram<\/a>\u00a0e\u00a0<a href=\"https:\/\/www.youtube.com\/channel\/UCAptA0jQuYQy8vMhLt2m4qg\">Youtube<\/a>\u00a0e veja nossas mat\u00e9rias, v\u00eddeos e fotos. Voc\u00ea tamb\u00e9m pode enviar informa\u00e7\u00f5es \u00e0 Reda\u00e7\u00e3o do Portal Cariri em A\u00e7\u00e3o pelo WhatsApp.<\/p>\n","protected":false},"excerpt":{"rendered":"<p>Na edi\u00e7\u00e3o deste domingo, o jornal Folha de S\u00e3o Paulo publicou mais uma das hist\u00f3rias que envolvem o atacante Neymar. O seu pai foi o&hellip; <\/p>\n","protected":false},"author":2,"featured_media":58389,"comment_status":"closed","ping_status":"closed","sticky":false,"template":"","format":"standard","meta":{"sfsi_plus_gutenberg_text_before_share":"","sfsi_plus_gutenberg_show_text_before_share":"","sfsi_plus_gutenberg_icon_type":"","sfsi_plus_gutenberg_icon_alignemt":"","sfsi_plus_gutenburg_max_per_row":"","footnotes":""},"categories":[2],"tags":[],"class_list":["post-58388","post","type-post","status-publish","format-standard","has-post-thumbnail","hentry","category-geral"],"_links":{"self":[{"href":"https:\/\/www.caririemacao.com\/1\/wp-json\/wp\/v2\/posts\/58388","targetHints":{"allow":["GET"]}}],"collection":[{"href":"https:\/\/www.caririemacao.com\/1\/wp-json\/wp\/v2\/posts"}],"about":[{"href":"https:\/\/www.caririemacao.com\/1\/wp-json\/wp\/v2\/types\/post"}],"author":[{"embeddable":true,"href":"https:\/\/www.caririemacao.com\/1\/wp-json\/wp\/v2\/users\/2"}],"replies":[{"embeddable":true,"href":"https:\/\/www.caririemacao.com\/1\/wp-json\/wp\/v2\/comments?post=58388"}],"version-history":[{"count":1,"href":"https:\/\/www.caririemacao.com\/1\/wp-json\/wp\/v2\/posts\/58388\/revisions"}],"predecessor-version":[{"id":58390,"href":"https:\/\/www.caririemacao.com\/1\/wp-json\/wp\/v2\/posts\/58388\/revisions\/58390"}],"wp:featuredmedia":[{"embeddable":true,"href":"https:\/\/www.caririemacao.com\/1\/wp-json\/wp\/v2\/media\/58389"}],"wp:attachment":[{"href":"https:\/\/www.caririemacao.com\/1\/wp-json\/wp\/v2\/media?parent=58388"}],"wp:term":[{"taxonomy":"category","embeddable":true,"href":"https:\/\/www.caririemacao.com\/1\/wp-json\/wp\/v2\/categories?post=58388"},{"taxonomy":"post_tag","embeddable":true,"href":"https:\/\/www.caririemacao.com\/1\/wp-json\/wp\/v2\/tags?post=58388"}],"curies":[{"name":"wp","href":"https:\/\/api.w.org\/{rel}","templated":true}]}}