{"id":58395,"date":"2018-07-24T00:59:16","date_gmt":"2018-07-24T03:59:16","guid":{"rendered":"http:\/\/caririemacao.com\/1\/?p=58395"},"modified":"2018-07-24T00:59:16","modified_gmt":"2018-07-24T03:59:16","slug":"daniella-ribeiro-mantem-misterio-sobre-alianca-do-progressistas-na-pb-2","status":"publish","type":"post","link":"https:\/\/www.caririemacao.com\/1\/2018\/07\/24\/daniella-ribeiro-mantem-misterio-sobre-alianca-do-progressistas-na-pb-2\/","title":{"rendered":"Daniella Ribeiro mant\u00e9m mist\u00e9rio sobre alian\u00e7a do Progressistas na PB"},"content":{"rendered":"<p>A deputada estadual e pr\u00e9-candidata ao Senado, Daniella Ribeiro (Progressistas), comentou sobre o processo de formaliza\u00e7\u00e3o da alian\u00e7a do Progressistas na Para\u00edba. Filha do presidente do partido no Estado, Enivaldo Ribeiro, Daniella disse que a legenda tem conversado com todos os pr\u00e9-candidatos.<\/p>\n<p>\u201cAs conversas tem acontecido com cada um dos pr\u00e9-candidatos at\u00e9 para que se conhe\u00e7a o que se pensa para a Para\u00edba. Isso \u00e9 fundamental, a quest\u00e3o tamb\u00e9m da import\u00e2ncia de colocar o nosso entendimento sobre o que a gente acha que deve ser positivo para o estado da Para\u00edba, ent\u00e3o \u00e9 uma s\u00e9rie de coisas\u201d, afirmou.<\/p>\n<p>Daniella lembrou que o processo ser\u00e1 decidido em conjunto com os membros do partido e que a decis\u00e3o ser\u00e1 seguida.<\/p>\n<p>\u201cO partido vai tomar sua decis\u00e3o e Daniella acompanha o partido\u201d, completou.<\/p>\n<p>As falas da parlamentar foram registradas durante entrevista \u00e0 R\u00e1dio POP FM.<\/p>\n<p><strong>CARIRI EM A\u00c7\u00c3O<\/strong><\/p>\n<p>Leia mais not\u00edcias em\u00a0<a style=\"font-style: inherit; font-weight: inherit;\" href=\"http:\/\/www.caririemacao.com\/\">caririemacao.com<\/a>, siga nossa p\u00e1gina no\u00a0<a style=\"font-style: inherit; font-weight: inherit;\" href=\"https:\/\/www.facebook.com\/CaririEmAcao\/?ref=aymt_homepage_panel\">Facebook<\/a>,\u00a0<a style=\"font-style: inherit; font-weight: inherit;\" href=\"https:\/\/www.instagram.com\/cariri_em_acao\/?hl=pt-br\">Instagram<\/a>\u00a0e\u00a0<a style=\"font-style: inherit; font-weight: inherit;\" href=\"https:\/\/www.youtube.com\/channel\/UCAptA0jQuYQy8vMhLt2m4qg\">Youtube<\/a>\u00a0e veja nossas mat\u00e9rias, v\u00eddeos e fotos. Voc\u00ea tamb\u00e9m pode enviar informa\u00e7\u00f5es \u00e0 Reda\u00e7\u00e3o do Portal Cariri em A\u00e7\u00e3o pelo WhatsApp (83) 9 9634.5791, (83) 9 9601-1162.<\/p>\n","protected":false},"excerpt":{"rendered":"<p>A deputada estadual e pr\u00e9-candidata ao Senado, Daniella Ribeiro (Progressistas), comentou sobre o processo de formaliza\u00e7\u00e3o da alian\u00e7a do Progressistas na Para\u00edba. Filha do presidente&hellip; <\/p>\n","protected":false},"author":2,"featured_media":0,"comment_status":"closed","ping_status":"closed","sticky":false,"template":"","format":"standard","meta":{"sfsi_plus_gutenberg_text_before_share":"","sfsi_plus_gutenberg_show_text_before_share":"","sfsi_plus_gutenberg_icon_type":"","sfsi_plus_gutenberg_icon_alignemt":"","sfsi_plus_gutenburg_max_per_row":"","footnotes":""},"categories":[2],"tags":[],"class_list":["post-58395","post","type-post","status-publish","format-standard","hentry","category-geral"],"_links":{"self":[{"href":"https:\/\/www.caririemacao.com\/1\/wp-json\/wp\/v2\/posts\/58395","targetHints":{"allow":["GET"]}}],"collection":[{"href":"https:\/\/www.caririemacao.com\/1\/wp-json\/wp\/v2\/posts"}],"about":[{"href":"https:\/\/www.caririemacao.com\/1\/wp-json\/wp\/v2\/types\/post"}],"author":[{"embeddable":true,"href":"https:\/\/www.caririemacao.com\/1\/wp-json\/wp\/v2\/users\/2"}],"replies":[{"embeddable":true,"href":"https:\/\/www.caririemacao.com\/1\/wp-json\/wp\/v2\/comments?post=58395"}],"version-history":[{"count":1,"href":"https:\/\/www.caririemacao.com\/1\/wp-json\/wp\/v2\/posts\/58395\/revisions"}],"predecessor-version":[{"id":58397,"href":"https:\/\/www.caririemacao.com\/1\/wp-json\/wp\/v2\/posts\/58395\/revisions\/58397"}],"wp:attachment":[{"href":"https:\/\/www.caririemacao.com\/1\/wp-json\/wp\/v2\/media?parent=58395"}],"wp:term":[{"taxonomy":"category","embeddable":true,"href":"https:\/\/www.caririemacao.com\/1\/wp-json\/wp\/v2\/categories?post=58395"},{"taxonomy":"post_tag","embeddable":true,"href":"https:\/\/www.caririemacao.com\/1\/wp-json\/wp\/v2\/tags?post=58395"}],"curies":[{"name":"wp","href":"https:\/\/api.w.org\/{rel}","templated":true}]}}