{"id":58398,"date":"2018-07-24T01:02:08","date_gmt":"2018-07-24T04:02:08","guid":{"rendered":"http:\/\/caririemacao.com\/1\/?p=58398"},"modified":"2018-07-24T01:02:08","modified_gmt":"2018-07-24T04:02:08","slug":"a-pedido-de-lula-trf4-suspende-envio-de-copia-de-processo-sobre-triplex-ao-stj","status":"publish","type":"post","link":"https:\/\/www.caririemacao.com\/1\/2018\/07\/24\/a-pedido-de-lula-trf4-suspende-envio-de-copia-de-processo-sobre-triplex-ao-stj\/","title":{"rendered":"A pedido de Lula, TRF4 suspende envio de c\u00f3pia de processo sobre triplex ao STJ"},"content":{"rendered":"<p>A vice-presidente do\u00a0Tribunal Regional Federal da 4\u00aa Regi\u00e3o\u00a0(TRF4), desembargadora federal Maria de F\u00e1tima Freitas Labarr\u00e8re, acolheu, na \u00faltima sexta-feira (20), um pedido de reconsidera\u00e7\u00e3o da defesa do ex-presidente\u00a0Luiz In\u00e1cio Lula da Silva. A decis\u00e3o suspende a remessa das c\u00f3pias digitalizadas do processo sobre a propriedade do apartamento triplex, determinada em 29 de junho, ao Superior Tribunal de Justi\u00e7a (STJ).<\/p>\n<div class=\"article-paragraph\">\n<p>Lula est\u00e1 preso desde 7 de abril. O petista\u00a0foi condenado por corrup\u00e7\u00e3o e lavagem de dinheiro\u00a0a 12 anos e um m\u00eas de pris\u00e3o no caso triplex.<\/p>\n<\/div>\n<div class=\"article-paragraph\">\n<p>A vice-presidente havia determinado o envio imediato dos autos \u00e0 Corte superior ap\u00f3s reclama\u00e7\u00e3o da defesa de Lula. Os advogados apontaram demora do TRF4 na intima\u00e7\u00e3o do\u00a0Minist\u00e9rio P\u00fablico Federal (MPF)\u00a0para apresentar resposta aos recursos excepcionais.<\/p>\n<\/div>\n<div class=\"article-paragraph\">\n<p>A desembargadora alegou, ent\u00e3o, que a remessa tinha por objetivo &#8220;afastar qualquer alega\u00e7\u00e3o de prejudicialidade quanto ao afastamento da inelegibilidade pelo aguardo dos prazos legais&#8221;, que poderiam chegar a 57 dias.<\/p>\n<\/div>\n<div class=\"article-paragraph\">\n<p>A defesa de Lula argumentou ao STJ que a demora nos prazos levava ao risco de que o ex-presidente tivesse seus direitos pol\u00edticos cerceados durante processo eleitoral.<\/p>\n<\/div>\n<div class=\"article-paragraph\">\n<p>\u2014A par da inexist\u00eancia de qualquer atraso na tramita\u00e7\u00e3o processual, causa estranheza que uma provid\u00eancia adotada justamente para afastar qualquer alega\u00e7\u00e3o de preju\u00edzo \u00e0 defesa possa ensejar a inconformidade ora deduzida \u2014 afirmou a vice-presidente.<\/p>\n<\/div>\n<div class=\"article-paragraph\">\n<p>Ap\u00f3s a decis\u00e3o da desembargadora de enviar os autos ao STJ, os advogados de Lula recorreram contra a remessa, sustentando que a decis\u00e3o estaria &#8220;afrontando o princ\u00edpio dispositivo ou da in\u00e9rcia da jurisdi\u00e7\u00e3o&#8221;. A defesa alegou que cabe \u00e0 parte interessada definir se ir\u00e1 ou n\u00e3o buscar medida cautelar sobre o tema.<\/p>\n<\/div>\n<div class=\"article-paragraph\">\n<p>\u2014 Tendo em vista que n\u00e3o \u00e9 de interesse do recorrente a remessa de c\u00f3pia do presente processo \u00e0 Corte Superior, reconsidero a decis\u00e3o \u2014 decidiu a desembargadora.<\/p>\n<\/div>\n<p><strong>CARIRI EM A\u00c7\u00c3O<\/strong><\/p>\n<p>Leia mais not\u00edcias em\u00a0<a style=\"font-style: inherit; font-weight: inherit;\" href=\"http:\/\/www.caririemacao.com\/\">caririemacao.com<\/a>, siga nossa p\u00e1gina no\u00a0<a style=\"font-style: inherit; font-weight: inherit;\" href=\"https:\/\/www.facebook.com\/CaririEmAcao\/?ref=aymt_homepage_panel\">Facebook<\/a>,\u00a0<a style=\"font-style: inherit; font-weight: inherit;\" href=\"https:\/\/www.instagram.com\/cariri_em_acao\/?hl=pt-br\">Instagram<\/a>\u00a0e\u00a0<a style=\"font-style: inherit; font-weight: inherit;\" href=\"https:\/\/www.youtube.com\/channel\/UCAptA0jQuYQy8vMhLt2m4qg\">Youtube<\/a>\u00a0e veja nossas mat\u00e9rias, v\u00eddeos e fotos. Voc\u00ea tamb\u00e9m pode enviar informa\u00e7\u00f5es \u00e0 Reda\u00e7\u00e3o do Portal Cariri em A\u00e7\u00e3o pelo WhatsApp (83) 9 9634.5791, (83) 9 9601-1162.<\/p>\n","protected":false},"excerpt":{"rendered":"<p>A vice-presidente do\u00a0Tribunal Regional Federal da 4\u00aa Regi\u00e3o\u00a0(TRF4), desembargadora federal Maria de F\u00e1tima Freitas Labarr\u00e8re, acolheu, na \u00faltima sexta-feira (20), um pedido de reconsidera\u00e7\u00e3o da&hellip; <\/p>\n","protected":false},"author":2,"featured_media":54820,"comment_status":"closed","ping_status":"closed","sticky":false,"template":"","format":"standard","meta":{"sfsi_plus_gutenberg_text_before_share":"","sfsi_plus_gutenberg_show_text_before_share":"","sfsi_plus_gutenberg_icon_type":"","sfsi_plus_gutenberg_icon_alignemt":"","sfsi_plus_gutenburg_max_per_row":"","footnotes":""},"categories":[2],"tags":[],"class_list":["post-58398","post","type-post","status-publish","format-standard","has-post-thumbnail","hentry","category-geral"],"_links":{"self":[{"href":"https:\/\/www.caririemacao.com\/1\/wp-json\/wp\/v2\/posts\/58398","targetHints":{"allow":["GET"]}}],"collection":[{"href":"https:\/\/www.caririemacao.com\/1\/wp-json\/wp\/v2\/posts"}],"about":[{"href":"https:\/\/www.caririemacao.com\/1\/wp-json\/wp\/v2\/types\/post"}],"author":[{"embeddable":true,"href":"https:\/\/www.caririemacao.com\/1\/wp-json\/wp\/v2\/users\/2"}],"replies":[{"embeddable":true,"href":"https:\/\/www.caririemacao.com\/1\/wp-json\/wp\/v2\/comments?post=58398"}],"version-history":[{"count":1,"href":"https:\/\/www.caririemacao.com\/1\/wp-json\/wp\/v2\/posts\/58398\/revisions"}],"predecessor-version":[{"id":58399,"href":"https:\/\/www.caririemacao.com\/1\/wp-json\/wp\/v2\/posts\/58398\/revisions\/58399"}],"wp:featuredmedia":[{"embeddable":true,"href":"https:\/\/www.caririemacao.com\/1\/wp-json\/wp\/v2\/media\/54820"}],"wp:attachment":[{"href":"https:\/\/www.caririemacao.com\/1\/wp-json\/wp\/v2\/media?parent=58398"}],"wp:term":[{"taxonomy":"category","embeddable":true,"href":"https:\/\/www.caririemacao.com\/1\/wp-json\/wp\/v2\/categories?post=58398"},{"taxonomy":"post_tag","embeddable":true,"href":"https:\/\/www.caririemacao.com\/1\/wp-json\/wp\/v2\/tags?post=58398"}],"curies":[{"name":"wp","href":"https:\/\/api.w.org\/{rel}","templated":true}]}}