{"id":58400,"date":"2018-07-24T01:06:31","date_gmt":"2018-07-24T04:06:31","guid":{"rendered":"http:\/\/caririemacao.com\/1\/?p=58400"},"modified":"2018-07-24T01:06:31","modified_gmt":"2018-07-24T04:06:31","slug":"mppb-aesa-e-orgaos-federais-verificam-situacao-hidrica-e-inspecionam-eixos-leste-e-norte","status":"publish","type":"post","link":"https:\/\/www.caririemacao.com\/1\/2018\/07\/24\/mppb-aesa-e-orgaos-federais-verificam-situacao-hidrica-e-inspecionam-eixos-leste-e-norte\/","title":{"rendered":"MPPB, Aesa e \u00f3rg\u00e3os federais verificam situa\u00e7\u00e3o h\u00eddrica e inspecionam eixos leste e norte"},"content":{"rendered":"<p>O Minist\u00e9rio P\u00fablico da Para\u00edba (MPPB) quer verificar a situa\u00e7\u00e3o h\u00eddrica e o andamento das obras nos eixos norte e leste da transposi\u00e7\u00e3o do Rio S\u00e3o Francisco. Para isso, o \u00f3rg\u00e3o vai realizar, nesta ter\u00e7a-feira (24), uma inspe\u00e7\u00e3o \u00e0s obras da transposi\u00e7\u00e3o do Rio S\u00e3o Francisco, nos trechos que trazem \u00e1gua \u00e0 Para\u00edba.<\/p>\n<p>A fiscaliza\u00e7\u00e3o acontecer\u00e1 em parceria com representantes do Minist\u00e9rio da Integra\u00e7\u00e3o Nacional, Departamento Nacional de Obras contra a Seca (Dnocs) e Ag\u00eancia Estadual de Gest\u00e3o das \u00c1guas (Aesa). A comitiva visitar\u00e1 nesta ter\u00e7a-feira, dia 24, os reservat\u00f3rios de Po\u00e7\u00f5es e Camala\u00fa, no eixo leste. J\u00e1 nesta quarta-feira (25), o grupo estar\u00e1 em S\u00e3o Jos\u00e9 de Piranhas, no eixo norte.<\/p>\n<p>\u201cO interesse do Minist\u00e9rio P\u00fablico da Para\u00edba \u00e9 ver onde est\u00e3o os gargalos e buscar as solu\u00e7\u00f5es. Nossa rela\u00e7\u00e3o com o Minist\u00e9rio da Integra\u00e7\u00e3o \u00e9 de parceria. O ministro Ant\u00f4nio de P\u00e1dua e sua equipe sempre nos d\u00e3o satisfa\u00e7\u00e3o sobre as obras e t\u00eam todo interesse em atender nossos pedidos. Cobramos e fazemos a press\u00e3o necess\u00e1ria e eles n\u00e3o se incomodam, porque sabem que nosso interesse \u00e9 que a obra saia, de fato. As quest\u00f5es que temos acompanhado est\u00e3o sido resolvidas\u201d, afirmou o procurador de Justi\u00e7a, Francisco Sagres, que coordenar\u00e1 a inspe\u00e7\u00e3o com o promotor Raniere Dantas, coordenador do Centro de Apoio Operacional \u00e0s Promotorias do Meio Ambiente, Sa\u00fade e Consumidor, que integram o Comit\u00ea de Gest\u00e3o de Recursos H\u00eddricos do MPPB.<\/p>\n<p>De acordo com o procurador, os reservat\u00f3rios de Po\u00e7\u00f5es e Camala\u00fa chegaram a receber \u00e1gua do eixo leste da transposi\u00e7\u00e3o, mas o bombeamento foi interrompido para que sejam feitos servi\u00e7os de recupera\u00e7\u00e3o nos reservat\u00f3rios. \u201cEssa obra precisa ser conclu\u00edda antes que o leito do rio seque. A previs\u00e3o \u00e9 terminar em agosto e, nessa visita, vamos constatar junto com os t\u00e9cnicos se o cronograma est\u00e1 sendo seguido. Precisamos que a \u00e1gua chegue o quanto antes para encher Po\u00e7\u00f5es. Est\u00e3o sendo colocadas as tubula\u00e7\u00f5es no rasgo que foi feito no a\u00e7ude, como uma medida emergencial para que a \u00e1gua chegasse a Boqueir\u00e3o. O a\u00e7ude precisa tomar muita \u00e1gua para cobrir a tubula\u00e7\u00e3o e seguir o curso\u201d, explicou.<\/p>\n<p>A comitiva segue para Cabrob\u00f3 (PE), na quinta-feira, iniciando a inspe\u00e7\u00e3o no eixo norte da transposi\u00e7\u00e3o, por onde a \u00e1gua do S\u00e3o Francisco \u00e9 distribu\u00edda para o Sert\u00e3o da Para\u00edba e os Estados do Rio Grande do Norte e Cear\u00e1. Sagres explicou que h\u00e1 uma preocupa\u00e7\u00e3o com a execu\u00e7\u00e3o dqa obra da esta\u00e7\u00e3o de bombeamento que capta a \u00e1gua que entra pelo munic\u00edpio de S\u00e3o Jos\u00e9 de Piranhas. Na \u00faltima visita do ministro da Integra\u00e7\u00e3o \u00e0 Para\u00edba, ele previu que a obra fosse conclu\u00edda ainda este ano e entregou ao procurador-geral Francisco Ser\u00e1phico uma c\u00f3pia da ordem de servi\u00e7o assinada com a nova empresa contratada para concluir os servi\u00e7os.<\/p>\n<p>\u201cT\u00ednhamos um gargalo na esta\u00e7\u00e3o de bombeamento do eixo norte que capta a \u00e1gua que entra na Para\u00edba. Vamos verificar se a nova empresa est\u00e1 operando com toda a sua capacidade, como foi prometido. Se identificarmos algum problema, vamos estudar como podemos atuar para que as obras sejam agilizadas. Nossa preocupa\u00e7\u00e3o \u00e9 que os reservat\u00f3rios de Coremas\/M\u00e3e D&#8217;\u00c1gua e Engenheiro Avidos, que est\u00e3o com volumes baixos e abastecem 28 cidades. Queremos que a \u00e1gua da transposi\u00e7\u00e3o chegue logo para afastarmos risco de colapso\u201d, explicou Francisco Sagres.<\/p>\n<p><strong>CARIRI EM A\u00c7\u00c3O<\/strong><\/p>\n<p>Leia mais not\u00edcias em\u00a0<a style=\"font-style: inherit; font-weight: inherit;\" href=\"http:\/\/www.caririemacao.com\/\">caririemacao.com<\/a>, siga nossa p\u00e1gina no\u00a0<a style=\"font-style: inherit; font-weight: inherit;\" href=\"https:\/\/www.facebook.com\/CaririEmAcao\/?ref=aymt_homepage_panel\">Facebook<\/a>,\u00a0<a style=\"font-style: inherit; font-weight: inherit;\" href=\"https:\/\/www.instagram.com\/cariri_em_acao\/?hl=pt-br\">Instagram<\/a>\u00a0e\u00a0<a style=\"font-style: inherit; font-weight: inherit;\" href=\"https:\/\/www.youtube.com\/channel\/UCAptA0jQuYQy8vMhLt2m4qg\">Youtube<\/a>\u00a0e veja nossas mat\u00e9rias, v\u00eddeos e fotos. Voc\u00ea tamb\u00e9m pode enviar informa\u00e7\u00f5es \u00e0 Reda\u00e7\u00e3o do Portal Cariri em A\u00e7\u00e3o pelo WhatsApp (83) 9 9634.5791, (83) 9 9601-1162.<\/p>\n","protected":false},"excerpt":{"rendered":"<p>O Minist\u00e9rio P\u00fablico da Para\u00edba (MPPB) quer verificar a situa\u00e7\u00e3o h\u00eddrica e o andamento das obras nos eixos norte e leste da transposi\u00e7\u00e3o do Rio&hellip; <\/p>\n","protected":false},"author":2,"featured_media":0,"comment_status":"closed","ping_status":"closed","sticky":false,"template":"","format":"standard","meta":{"sfsi_plus_gutenberg_text_before_share":"","sfsi_plus_gutenberg_show_text_before_share":"","sfsi_plus_gutenberg_icon_type":"","sfsi_plus_gutenberg_icon_alignemt":"","sfsi_plus_gutenburg_max_per_row":"","footnotes":""},"categories":[2],"tags":[],"class_list":["post-58400","post","type-post","status-publish","format-standard","hentry","category-geral"],"_links":{"self":[{"href":"https:\/\/www.caririemacao.com\/1\/wp-json\/wp\/v2\/posts\/58400","targetHints":{"allow":["GET"]}}],"collection":[{"href":"https:\/\/www.caririemacao.com\/1\/wp-json\/wp\/v2\/posts"}],"about":[{"href":"https:\/\/www.caririemacao.com\/1\/wp-json\/wp\/v2\/types\/post"}],"author":[{"embeddable":true,"href":"https:\/\/www.caririemacao.com\/1\/wp-json\/wp\/v2\/users\/2"}],"replies":[{"embeddable":true,"href":"https:\/\/www.caririemacao.com\/1\/wp-json\/wp\/v2\/comments?post=58400"}],"version-history":[{"count":1,"href":"https:\/\/www.caririemacao.com\/1\/wp-json\/wp\/v2\/posts\/58400\/revisions"}],"predecessor-version":[{"id":58402,"href":"https:\/\/www.caririemacao.com\/1\/wp-json\/wp\/v2\/posts\/58400\/revisions\/58402"}],"wp:attachment":[{"href":"https:\/\/www.caririemacao.com\/1\/wp-json\/wp\/v2\/media?parent=58400"}],"wp:term":[{"taxonomy":"category","embeddable":true,"href":"https:\/\/www.caririemacao.com\/1\/wp-json\/wp\/v2\/categories?post=58400"},{"taxonomy":"post_tag","embeddable":true,"href":"https:\/\/www.caririemacao.com\/1\/wp-json\/wp\/v2\/tags?post=58400"}],"curies":[{"name":"wp","href":"https:\/\/api.w.org\/{rel}","templated":true}]}}