{"id":58553,"date":"2018-07-24T20:42:47","date_gmt":"2018-07-24T23:42:47","guid":{"rendered":"http:\/\/caririemacao.com\/1\/?p=58553"},"modified":"2018-07-24T21:00:06","modified_gmt":"2018-07-25T00:00:06","slug":"dupla-e-presa-suspeita-de-matar-idoso-e-diversos-crimes-na-pb","status":"publish","type":"post","link":"https:\/\/www.caririemacao.com\/1\/2018\/07\/24\/dupla-e-presa-suspeita-de-matar-idoso-e-diversos-crimes-na-pb\/","title":{"rendered":"Dupla \u00e9 presa suspeita de matar idoso e diversos crimes na PB"},"content":{"rendered":"<p>A Pol\u00edcia Civil da Para\u00edba, atrav\u00e9s da 13\u00aa Delegacia Seccional de Pol\u00edcia Civil e da Delegacia de Picu\u00ed, sob o comando do DPC Rodrigo Monteiro, na manh\u00e3 do dia 24, deflagrou a Opera\u00e7\u00e3o Dignidade, na qual foi dado cumprimento a 2 (dois) mandados de pris\u00e3o preventiva, expedidos pela Vara \u00danica da Comarca de Picu\u00ed, ap\u00f3s representa\u00e7\u00f5es cautelares decorrentes de investiga\u00e7\u00f5es criminais.<\/p>\n<p>Os presos foram capturados no Munic\u00edpio de Bara\u00fana-PB. Um dos presos tentou empreender fuga por ocasi\u00e3o da abordagem dos policiais civis, mas foi imediatamente contido e detido.<\/p>\n<p>Pesam contra os presos acusa\u00e7\u00f5es por crimes de roubo, sequestro, dano, al\u00e9m de serem autores de amea\u00e7as e intimida\u00e7\u00f5es a moradores da regi\u00e3o. H\u00e1 tamb\u00e9m suspeita de que os presos tenham envolvimento em poss\u00edvel crime de latroc\u00ednio tentado, praticado com requintes de crueldade em desfavor de um idoso, fato ocorrido no \u00faltimo dia 19, nos limites entre os Munic\u00edpios de Picu\u00ed e de Bara\u00fana.<\/p>\n<p>Com essa a\u00e7\u00e3o en\u00e9rgica e c\u00e9lere, a Pol\u00edcia Civil alcan\u00e7a, nos \u00faltimos dois meses, mais de uma dezena de pris\u00f5es de criminosos de elevada periculosidade na regi\u00e3o do Curimata\u00fa.<\/p>\n<p><strong>CARIRI EM A\u00c7\u00c3O<\/strong><\/p>\n<p>Com Wscom\/Foto: Wscom<\/p>\n<p>Leia mais not\u00edcias em\u00a0<a href=\"http:\/\/www.caririemacao.com\/\">caririemacao.com<\/a>, siga nossa p\u00e1gina no\u00a0<a href=\"https:\/\/www.facebook.com\/CaririEmAcao\/?ref=aymt_homepage_panel\">Facebook<\/a>,\u00a0<a href=\"https:\/\/www.instagram.com\/cariri_em_acao\/?hl=pt-br\">Instagram<\/a>\u00a0e\u00a0<a href=\"https:\/\/www.youtube.com\/channel\/UCAptA0jQuYQy8vMhLt2m4qg\">Youtube<\/a>\u00a0e veja nossas mat\u00e9rias, v\u00eddeos e fotos. Voc\u00ea tamb\u00e9m pode enviar informa\u00e7\u00f5es \u00e0 Reda\u00e7\u00e3o do Portal Cariri em A\u00e7\u00e3o pelo WhatsApp (83) 9 9634.5791, (83) 9 9601-1162.<\/p>\n","protected":false},"excerpt":{"rendered":"<p>A Pol\u00edcia Civil da Para\u00edba, atrav\u00e9s da 13\u00aa Delegacia Seccional de Pol\u00edcia Civil e da Delegacia de Picu\u00ed, sob o comando do DPC Rodrigo Monteiro,&hellip; <\/p>\n","protected":false},"author":2,"featured_media":58566,"comment_status":"closed","ping_status":"closed","sticky":false,"template":"","format":"standard","meta":{"sfsi_plus_gutenberg_text_before_share":"","sfsi_plus_gutenberg_show_text_before_share":"","sfsi_plus_gutenberg_icon_type":"","sfsi_plus_gutenberg_icon_alignemt":"","sfsi_plus_gutenburg_max_per_row":"","footnotes":""},"categories":[12],"tags":[],"class_list":["post-58553","post","type-post","status-publish","format-standard","has-post-thumbnail","hentry","category-policia"],"_links":{"self":[{"href":"https:\/\/www.caririemacao.com\/1\/wp-json\/wp\/v2\/posts\/58553","targetHints":{"allow":["GET"]}}],"collection":[{"href":"https:\/\/www.caririemacao.com\/1\/wp-json\/wp\/v2\/posts"}],"about":[{"href":"https:\/\/www.caririemacao.com\/1\/wp-json\/wp\/v2\/types\/post"}],"author":[{"embeddable":true,"href":"https:\/\/www.caririemacao.com\/1\/wp-json\/wp\/v2\/users\/2"}],"replies":[{"embeddable":true,"href":"https:\/\/www.caririemacao.com\/1\/wp-json\/wp\/v2\/comments?post=58553"}],"version-history":[{"count":1,"href":"https:\/\/www.caririemacao.com\/1\/wp-json\/wp\/v2\/posts\/58553\/revisions"}],"predecessor-version":[{"id":58555,"href":"https:\/\/www.caririemacao.com\/1\/wp-json\/wp\/v2\/posts\/58553\/revisions\/58555"}],"wp:featuredmedia":[{"embeddable":true,"href":"https:\/\/www.caririemacao.com\/1\/wp-json\/wp\/v2\/media\/58566"}],"wp:attachment":[{"href":"https:\/\/www.caririemacao.com\/1\/wp-json\/wp\/v2\/media?parent=58553"}],"wp:term":[{"taxonomy":"category","embeddable":true,"href":"https:\/\/www.caririemacao.com\/1\/wp-json\/wp\/v2\/categories?post=58553"},{"taxonomy":"post_tag","embeddable":true,"href":"https:\/\/www.caririemacao.com\/1\/wp-json\/wp\/v2\/tags?post=58553"}],"curies":[{"name":"wp","href":"https:\/\/api.w.org\/{rel}","templated":true}]}}