{"id":58556,"date":"2018-07-24T20:47:24","date_gmt":"2018-07-24T23:47:24","guid":{"rendered":"http:\/\/caririemacao.com\/1\/?p=58556"},"modified":"2018-07-24T20:47:24","modified_gmt":"2018-07-24T23:47:24","slug":"pre-candidato-a-deputado-federal-e-multado-em-r-10-mil-por-propaganda-antecipada","status":"publish","type":"post","link":"https:\/\/www.caririemacao.com\/1\/2018\/07\/24\/pre-candidato-a-deputado-federal-e-multado-em-r-10-mil-por-propaganda-antecipada\/","title":{"rendered":"Pr\u00e9-candidato a deputado federal \u00e9 multado em R$ 10 mil por propaganda antecipada"},"content":{"rendered":"<p>O juiz-auxiliar da Propaganda Eleitoral do Tribunal Regional Eleitoral da Para\u00edba (TRE-PB), Emiliano Zapatta de Miranda Leit\u00e3o, aplicou multa de R$ 10 mil ao pr\u00e9-candidato ao cargo de deputado federal, Eduardo Cavalcanti de Mello (PSL), pela pr\u00e1tica de propaganda eleitoral antecipada.<\/p>\n<p>A \u00edntegra da decis\u00e3o foi publicada no<a href=\"file:\/\/\/C:\/Users\/portal\/Downloads\/TRE-PB-130_2018.pdf\">\u00a0Di\u00e1rio Eletr\u00f4nico da Justi\u00e7a Eleitoral desta ter\u00e7a-feira (24)<\/a>.<\/p>\n<p>A representa\u00e7\u00e3o eleitoral foi proposta pela Procuradoria Regional Eleitoral, ap\u00f3s o pretenso candidato ter divulgado sua imagem em outdoors com o texto \u201cNa Defesa dos Valores Crist\u00e3os e da Fam\u00edlia. Eduardo Cavalcanti. Pr\u00e9-candidato a Deputado Federal\u201d e indica\u00e7\u00e3o de endere\u00e7os eletr\u00f4nicos na internet e nas redes sociais Facebook e Instagram.<\/p>\n<p>Nos autos da a\u00e7\u00e3o, Eduardo Cavalcanti de Mello justificou que os atos de promo\u00e7\u00e3o pessoal s\u00e3o livres, em todas as suas formas, desde que n\u00e3o contenham pedido expl\u00edcito de voto. O pr\u00e9-candidato disse que agiu com base em precedentes do Tribunal Superior Eleitoral (TSE) e que n\u00e3o poderia ser punido com base na mudan\u00e7a de entendimento do TSE.<\/p>\n<p>\u201c<span class=\"_5yl5\">Essa ser\u00e1 minha primeira elei\u00e7\u00e3o, isso se minha candidatura for aceita pelo partido. A mat\u00e9ria \u00e9 controversa, se soubesse deste entendimento da Justi\u00e7a daqui, em outros estados teve-se entendimentos diferentes, n\u00e3o teria feito de forma alguma\u201d, completou Eduardo Cavalcanti, nesta ter\u00e7a-feira.\u00a0<\/span><\/p>\n<h4>Entendimento do juiz<\/h4>\n<p>Emiliano Zapatta entendeu que o conte\u00fado da mensagem textual relativa a valores crist\u00e3o e da fam\u00edlia justaposto \u00e0s bandeiras do Brasil e do estado da Para\u00edba e vinculado ao nome e imagem do representado, e, ainda, \u00e0 imagem de pr\u00e9-candidato \u00e0 Presid\u00eancia da Rep\u00fablica, Jair Bolsonaro (PSL) e \u00e0 sua condi\u00e7\u00e3o de pr\u00e9-candidato a deputado federal, bem como o per\u00edodo de sua exposi\u00e7\u00e3o p\u00fablica em ano eleitoral, n\u00e3o deixam d\u00favida de que se cuida de ato de conte\u00fado eleitoral.<\/p>\n<p>Para o juiz relator, a a\u00e7\u00e3o preenche os requisitos f\u00e1ticos indicados em precedentes do Tribunal Superior Eleitoral (TSE), especificamente quanto \u00e0 \u201campla divulga\u00e7\u00e3o da candidatura, ainda que de maneira disfar\u00e7ada ou subliminar\u201d, e \u00e0 \u201cexalta\u00e7\u00e3o de qualidades pr\u00f3prias para o exerc\u00edcio de mandato\u201d, ou seja, de \u201cqualidades que conduzam o eleitorado a acreditar ser o candidato o mais qualificado para o desempenho das fun\u00e7\u00f5es inerentes ao cargo que almeja\u201d<\/p>\n<p><strong>CARIRI EM A\u00c7\u00c3O<\/strong><\/p>\n<p>Com Jornal da Para\u00edba\/Foto: Reprodu\u00e7\u00e3o Internet<\/p>\n<p>Leia mais not\u00edcias em\u00a0<a href=\"http:\/\/www.caririemacao.com\/\">caririemacao.com<\/a>, siga nossa p\u00e1gina no\u00a0<a href=\"https:\/\/www.facebook.com\/CaririEmAcao\/?ref=aymt_homepage_panel\">Facebook<\/a>,\u00a0<a href=\"https:\/\/www.instagram.com\/cariri_em_acao\/?hl=pt-br\">Instagram<\/a>\u00a0e\u00a0<a href=\"https:\/\/www.youtube.com\/channel\/UCAptA0jQuYQy8vMhLt2m4qg\">Youtube<\/a>\u00a0e veja nossas mat\u00e9rias, v\u00eddeos e fotos. Voc\u00ea tamb\u00e9m pode enviar informa\u00e7\u00f5es \u00e0 Reda\u00e7\u00e3o do Portal Cariri em A\u00e7\u00e3o pelo WhatsApp (83) 9 9634.5791, (83) 9 9601-1162.<\/p>\n","protected":false},"excerpt":{"rendered":"<p>O juiz-auxiliar da Propaganda Eleitoral do Tribunal Regional Eleitoral da Para\u00edba (TRE-PB), Emiliano Zapatta de Miranda Leit\u00e3o, aplicou multa de R$ 10 mil ao pr\u00e9-candidato&hellip; <\/p>\n","protected":false},"author":2,"featured_media":25063,"comment_status":"closed","ping_status":"closed","sticky":false,"template":"","format":"standard","meta":{"sfsi_plus_gutenberg_text_before_share":"","sfsi_plus_gutenberg_show_text_before_share":"","sfsi_plus_gutenberg_icon_type":"","sfsi_plus_gutenberg_icon_alignemt":"","sfsi_plus_gutenburg_max_per_row":"","footnotes":""},"categories":[1],"tags":[],"class_list":["post-58556","post","type-post","status-publish","format-standard","has-post-thumbnail","hentry","category-o-site"],"_links":{"self":[{"href":"https:\/\/www.caririemacao.com\/1\/wp-json\/wp\/v2\/posts\/58556","targetHints":{"allow":["GET"]}}],"collection":[{"href":"https:\/\/www.caririemacao.com\/1\/wp-json\/wp\/v2\/posts"}],"about":[{"href":"https:\/\/www.caririemacao.com\/1\/wp-json\/wp\/v2\/types\/post"}],"author":[{"embeddable":true,"href":"https:\/\/www.caririemacao.com\/1\/wp-json\/wp\/v2\/users\/2"}],"replies":[{"embeddable":true,"href":"https:\/\/www.caririemacao.com\/1\/wp-json\/wp\/v2\/comments?post=58556"}],"version-history":[{"count":1,"href":"https:\/\/www.caririemacao.com\/1\/wp-json\/wp\/v2\/posts\/58556\/revisions"}],"predecessor-version":[{"id":58558,"href":"https:\/\/www.caririemacao.com\/1\/wp-json\/wp\/v2\/posts\/58556\/revisions\/58558"}],"wp:featuredmedia":[{"embeddable":true,"href":"https:\/\/www.caririemacao.com\/1\/wp-json\/wp\/v2\/media\/25063"}],"wp:attachment":[{"href":"https:\/\/www.caririemacao.com\/1\/wp-json\/wp\/v2\/media?parent=58556"}],"wp:term":[{"taxonomy":"category","embeddable":true,"href":"https:\/\/www.caririemacao.com\/1\/wp-json\/wp\/v2\/categories?post=58556"},{"taxonomy":"post_tag","embeddable":true,"href":"https:\/\/www.caririemacao.com\/1\/wp-json\/wp\/v2\/tags?post=58556"}],"curies":[{"name":"wp","href":"https:\/\/api.w.org\/{rel}","templated":true}]}}