{"id":58559,"date":"2018-07-24T20:50:15","date_gmt":"2018-07-24T23:50:15","guid":{"rendered":"http:\/\/caririemacao.com\/1\/?p=58559"},"modified":"2018-07-24T20:50:15","modified_gmt":"2018-07-24T23:50:15","slug":"joao-azevedo-nega-arrocho-tributario-e-defende-gestao-fiscal-responsavel-e-justa","status":"publish","type":"post","link":"https:\/\/www.caririemacao.com\/1\/2018\/07\/24\/joao-azevedo-nega-arrocho-tributario-e-defende-gestao-fiscal-responsavel-e-justa\/","title":{"rendered":"Jo\u00e3o Azevedo nega arrocho tribut\u00e1rio e defende gest\u00e3o fiscal respons\u00e1vel e justa"},"content":{"rendered":"<p>O pr\u00e9-candidato a governador Jo\u00e3o Azevedo (PSB), defendeu, nesta ter\u00e7a-feira (24), uma gest\u00e3o fiscal respons\u00e1vel e justa. Ele negou que o governo atual tenha executado uma pol\u00edtica de aumento de impostos no Estado. O socialista participou do evento \u201cDebatendo a Para\u00edba\u201d, na Associa\u00e7\u00e3o Comercial e Empresarial de Campina Grande (ACCG) sob a presid\u00eancia do empres\u00e1rio Marcos Proc\u00f3pio.<\/p>\n<p>\u201cA gente tem que fazer gest\u00e3o fiscal respons\u00e1vel e justa. Esses s\u00e3o dois motes que precisam ser levados em considera\u00e7\u00e3o. Na Para\u00edba, hoje se tem uma tributa\u00e7\u00e3o que \u00e9 justa. V\u00e1rios ajustes foram feitos dentro de segmentos e se privilegiou normalmente de menor poder aquisitivo da Para\u00edba. Isso \u00e9 assim que tem quer ser feito. Essa forma que eu vejo\u201d, sustentou.<\/p>\n<p>Jo\u00e3o Azevedo ressaltou que os ajustes foram feitos pelo governo de Ricardo Coutinho, em 2015, por conta da grave crise econ\u00f4mica nacional, alegando que a Para\u00edba n\u00e3o \u00e9 \u201cuma ilha\u201d. No entanto, lembrou que estados maiores, como Rio de Janeiro, Rio Grande do Sul e Minas Gerais \u201cquebraram\u201d e os governos atrasaram o pagamento dos sal\u00e1rios dos servidores estaduais e fornecedores. Tamb\u00e9m citou as dificuldades financeiras enfrentadas pelo Rio Grande do Norte.<\/p>\n<p>\u201cNa Para\u00edba, o servidor continua recebendo em dia e o governo, fazendo investimentos. \u201cIsso gera uma economia para o Estado e que se beneficiam dela todos os entes, inclusive o com\u00e9rcio, a ind\u00fastria, setor de servi\u00e7os e a popula\u00e7\u00e3o toda de um forma geral com a gera\u00e7\u00e3o de emprego e renda\u201d, frisou o socialista, acrescentando que a m\u00e9dia de crescimento da renda per capta do paraibano foi a que mais cresceu no Nordeste.<\/p>\n<h4>Chapa para senador<\/h4>\n<p>Na Associa\u00e7\u00e3o Comercial, Jo\u00e3o Azevedo estava acompanhado do deputado Veneziano Vital do R\u00eago (PSB), pr\u00e9-candidato a senador. Durante entrevista a Imprensa, o pr\u00e9-candidato ao governo foi indagado se a outra vaga na chapa para o Senado seria definida somente em agosto. Ele disse que at\u00e9 o pr\u00f3ximo domingo (29) o nome do postulante ser\u00e1 anunciado. Ele adiantou que est\u00e1 conversando com o PP, da pr\u00e9-candidata ao Senado, Daniella Ribeiro, e outras legendas.<\/p>\n<h4>Papel da Associa\u00e7\u00e3o<\/h4>\n<p>Para Marcos Proc\u00f3pio, presidente da Associa\u00e7\u00e3o Comercial, neste momento que antecede as elei\u00e7\u00f5es de 7 de outubro vindouro, a entidade est\u00e1 proporcionando a oportunidade para os empres\u00e1rios e dirigentes classistas ouvirem e apresentarem sugest\u00f5es para \u00e0queles que se prop\u00f5em a governar o nosso estado, a partir de 2019.<\/p>\n<p>\u201cA classe empresarial, enquanto importante parcela representativa da sociedade paraibana, que gera impostos e empregos, tem papel importante no processo eleitoral, que vai decidir o futuro do estado e do pa\u00eds nos pr\u00f3ximos quatro anos, por isso \u00e9 necess\u00e1ria a nossa participa\u00e7\u00e3o e contribui\u00e7\u00e3o\u201d, defendeu.<\/p>\n<p><strong>CARIRI EM A\u00c7\u00c3O<\/strong><\/p>\n<p>Com Jornal da Para\u00edba\/Foto: Reprodu\u00e7\u00e3o Internet<\/p>\n<p>Leia mais not\u00edcias em\u00a0<a href=\"http:\/\/www.caririemacao.com\/\">caririemacao.com<\/a>, siga nossa p\u00e1gina no\u00a0<a href=\"https:\/\/www.facebook.com\/CaririEmAcao\/?ref=aymt_homepage_panel\">Facebook<\/a>,\u00a0<a href=\"https:\/\/www.instagram.com\/cariri_em_acao\/?hl=pt-br\">Instagram<\/a>\u00a0e\u00a0<a href=\"https:\/\/www.youtube.com\/channel\/UCAptA0jQuYQy8vMhLt2m4qg\">Youtube<\/a>\u00a0e veja nossas mat\u00e9rias, v\u00eddeos e fotos. Voc\u00ea tamb\u00e9m pode enviar informa\u00e7\u00f5es \u00e0 Reda\u00e7\u00e3o do Portal Cariri em A\u00e7\u00e3o pelo WhatsApp (83) 9 9634.5791, (83) 9 9601-1162.<\/p>\n","protected":false},"excerpt":{"rendered":"<p>O pr\u00e9-candidato a governador Jo\u00e3o Azevedo (PSB), defendeu, nesta ter\u00e7a-feira (24), uma gest\u00e3o fiscal respons\u00e1vel e justa. Ele negou que o governo atual tenha executado&hellip; <\/p>\n","protected":false},"author":2,"featured_media":48495,"comment_status":"closed","ping_status":"closed","sticky":false,"template":"","format":"standard","meta":{"sfsi_plus_gutenberg_text_before_share":"","sfsi_plus_gutenberg_show_text_before_share":"","sfsi_plus_gutenberg_icon_type":"","sfsi_plus_gutenberg_icon_alignemt":"","sfsi_plus_gutenburg_max_per_row":"","footnotes":""},"categories":[11],"tags":[],"class_list":["post-58559","post","type-post","status-publish","format-standard","has-post-thumbnail","hentry","category-politica"],"_links":{"self":[{"href":"https:\/\/www.caririemacao.com\/1\/wp-json\/wp\/v2\/posts\/58559","targetHints":{"allow":["GET"]}}],"collection":[{"href":"https:\/\/www.caririemacao.com\/1\/wp-json\/wp\/v2\/posts"}],"about":[{"href":"https:\/\/www.caririemacao.com\/1\/wp-json\/wp\/v2\/types\/post"}],"author":[{"embeddable":true,"href":"https:\/\/www.caririemacao.com\/1\/wp-json\/wp\/v2\/users\/2"}],"replies":[{"embeddable":true,"href":"https:\/\/www.caririemacao.com\/1\/wp-json\/wp\/v2\/comments?post=58559"}],"version-history":[{"count":1,"href":"https:\/\/www.caririemacao.com\/1\/wp-json\/wp\/v2\/posts\/58559\/revisions"}],"predecessor-version":[{"id":58560,"href":"https:\/\/www.caririemacao.com\/1\/wp-json\/wp\/v2\/posts\/58559\/revisions\/58560"}],"wp:featuredmedia":[{"embeddable":true,"href":"https:\/\/www.caririemacao.com\/1\/wp-json\/wp\/v2\/media\/48495"}],"wp:attachment":[{"href":"https:\/\/www.caririemacao.com\/1\/wp-json\/wp\/v2\/media?parent=58559"}],"wp:term":[{"taxonomy":"category","embeddable":true,"href":"https:\/\/www.caririemacao.com\/1\/wp-json\/wp\/v2\/categories?post=58559"},{"taxonomy":"post_tag","embeddable":true,"href":"https:\/\/www.caririemacao.com\/1\/wp-json\/wp\/v2\/tags?post=58559"}],"curies":[{"name":"wp","href":"https:\/\/api.w.org\/{rel}","templated":true}]}}