{"id":58617,"date":"2018-07-25T10:07:41","date_gmt":"2018-07-25T13:07:41","guid":{"rendered":"http:\/\/caririemacao.com\/1\/?p=58617"},"modified":"2018-07-25T10:07:41","modified_gmt":"2018-07-25T13:07:41","slug":"acidente-envolvendo-tres-carros-e-registrado-em-sume","status":"publish","type":"post","link":"https:\/\/www.caririemacao.com\/1\/2018\/07\/25\/acidente-envolvendo-tres-carros-e-registrado-em-sume\/","title":{"rendered":"Acidente envolvendo tr\u00eas carros \u00e9 registrado em Sum\u00e9"},"content":{"rendered":"<p>Na manh\u00e3 desta quarta-feira (25\/07), um caminh\u00e3o-pipa que na BR 412, colidiu na traseira de um corsa e este bateu no ve\u00edculo da frente, da prefeitura de Monteiro. O acidente aconteceu no sentido Sum\u00e9\/ Serra Branca, na Avenida 1\u00ba de Abril, de frente ao posto de atendimento do banco do Bradesco.<\/p>\n<p>De acordo com informa\u00e7\u00f5es apuradas, o caminh\u00e3o-pipa estava em alta velocidade, quando os ve\u00edculos frearam por conta de uma quebra mola. Por causa do impacto na traseira e por falta do uso do cinto de seguran\u00e7a, uma das vitimas bateu com o rosto para-brisa.<\/p>\n<p><strong>CARIRI EM A\u00c7\u00c3O<\/strong><\/p>\n<p>Com 95 Fm \/Foto: Reprodu\u00e7\u00e3o Internet<\/p>\n<p>Leia mais not\u00edcias em\u00a0<a href=\"http:\/\/www.caririemacao.com\/\">caririemacao.com<\/a>, siga nossa p\u00e1gina no\u00a0<a href=\"https:\/\/www.facebook.com\/CaririEmAcao\/?ref=aymt_homepage_panel\">Facebook<\/a>,\u00a0<a href=\"https:\/\/www.instagram.com\/cariri_em_acao\/?hl=pt-br\">Instagram<\/a>\u00a0e <a href=\"https:\/\/www.youtube.com\/channel\/UCAptA0jQuYQy8vMhLt2m4qg\">Youtube<\/a>\u00a0e veja nossas mat\u00e9rias, v\u00eddeos e fotos. Voc\u00ea tamb\u00e9m pode enviar informa\u00e7\u00f5es \u00e0 Reda\u00e7\u00e3o do Portal Cariri em A\u00e7\u00e3o pelo WhatsApp (83) 9 9634.5791, (83) 9 9601-1162.<\/p>\n","protected":false},"excerpt":{"rendered":"<p>Na manh\u00e3 desta quarta-feira (25\/07), um caminh\u00e3o-pipa que na BR 412, colidiu na traseira de um corsa e este bateu no ve\u00edculo da frente, da&hellip; <\/p>\n","protected":false},"author":1,"featured_media":58618,"comment_status":"closed","ping_status":"closed","sticky":false,"template":"","format":"standard","meta":{"sfsi_plus_gutenberg_text_before_share":"","sfsi_plus_gutenberg_show_text_before_share":"","sfsi_plus_gutenberg_icon_type":"","sfsi_plus_gutenberg_icon_alignemt":"","sfsi_plus_gutenburg_max_per_row":"","footnotes":""},"categories":[12],"tags":[],"class_list":["post-58617","post","type-post","status-publish","format-standard","has-post-thumbnail","hentry","category-policia"],"_links":{"self":[{"href":"https:\/\/www.caririemacao.com\/1\/wp-json\/wp\/v2\/posts\/58617","targetHints":{"allow":["GET"]}}],"collection":[{"href":"https:\/\/www.caririemacao.com\/1\/wp-json\/wp\/v2\/posts"}],"about":[{"href":"https:\/\/www.caririemacao.com\/1\/wp-json\/wp\/v2\/types\/post"}],"author":[{"embeddable":true,"href":"https:\/\/www.caririemacao.com\/1\/wp-json\/wp\/v2\/users\/1"}],"replies":[{"embeddable":true,"href":"https:\/\/www.caririemacao.com\/1\/wp-json\/wp\/v2\/comments?post=58617"}],"version-history":[{"count":1,"href":"https:\/\/www.caririemacao.com\/1\/wp-json\/wp\/v2\/posts\/58617\/revisions"}],"predecessor-version":[{"id":58619,"href":"https:\/\/www.caririemacao.com\/1\/wp-json\/wp\/v2\/posts\/58617\/revisions\/58619"}],"wp:featuredmedia":[{"embeddable":true,"href":"https:\/\/www.caririemacao.com\/1\/wp-json\/wp\/v2\/media\/58618"}],"wp:attachment":[{"href":"https:\/\/www.caririemacao.com\/1\/wp-json\/wp\/v2\/media?parent=58617"}],"wp:term":[{"taxonomy":"category","embeddable":true,"href":"https:\/\/www.caririemacao.com\/1\/wp-json\/wp\/v2\/categories?post=58617"},{"taxonomy":"post_tag","embeddable":true,"href":"https:\/\/www.caririemacao.com\/1\/wp-json\/wp\/v2\/tags?post=58617"}],"curies":[{"name":"wp","href":"https:\/\/api.w.org\/{rel}","templated":true}]}}