{"id":58620,"date":"2018-07-25T10:14:49","date_gmt":"2018-07-25T13:14:49","guid":{"rendered":"http:\/\/caririemacao.com\/1\/?p=58620"},"modified":"2018-07-25T10:14:49","modified_gmt":"2018-07-25T13:14:49","slug":"governo-investiga-irregularidades-em-20-escolas-da-rede-estadual-da-paraiba","status":"publish","type":"post","link":"https:\/\/www.caririemacao.com\/1\/2018\/07\/25\/governo-investiga-irregularidades-em-20-escolas-da-rede-estadual-da-paraiba\/","title":{"rendered":"Governo investiga irregularidades em 20 escolas da rede estadual da Para\u00edba"},"content":{"rendered":"<div class=\"mc-column content-text active-extra-styles active-capital-letter\" data-block-type=\"unstyled\" data-block-weight=\"54\" data-block-id=\"2\">\n<p class=\"content-text__container theme-color-primary-first-letter\" data-track-category=\"Link no Texto\" data-track-links=\"\">Vinte escolas da rede estadual da Para\u00edba est\u00e3o sendo investigadas por meio de sindic\u00e2ncias instauradas pela Secretaria de Educa\u00e7\u00e3o do estado ap\u00f3s den\u00fancias de irregularidades. A abertura dos\u00a0<a href=\"http:\/\/static.paraiba.pb.gov.br\/2018\/07\/Diario-Oficial-25-07-2018.pdf\" target=\"_blank\" rel=\"noopener\">procedimentos investigativos foram publicados no Di\u00e1rio Oficial Estadual (DOE) da Para\u00edba desta quarta-feira (25)<\/a>. A maioria das escolas, cinco das 20 investigadas, ficam em Campina Grande.<\/p>\n<\/div>\n<div class=\"wall\">\n<div class=\"mc-column content-text active-extra-styles \" data-block-type=\"unstyled\" data-block-weight=\"43\" data-block-id=\"3\">\n<p class=\"content-text__container \" data-track-category=\"Link no Texto\" data-track-links=\"\">Entre as irregularidades apontadas est\u00e3o problemas administrativos como omiss\u00e3o na presta\u00e7\u00e3o de contas relacionadas a programas do governo federal e demiss\u00e3o de funcion\u00e1rios sem justificativa, e tamb\u00e9m den\u00fancias de pr\u00e1ticas de abusos sexuais cometidas por professor, agress\u00f5es f\u00edsicas e verbais cometidas por funcion\u00e1rios.<\/p>\n<\/div>\n<div class=\"mc-column content-text active-extra-styles \" data-block-type=\"unstyled\" data-block-weight=\"31\" data-block-id=\"4\">\n<p class=\"content-text__container \" data-track-category=\"Link no Texto\" data-track-links=\"\">Al\u00e9m de Campina Grande, s\u00e3o investigadas escolas estaduais nas cidades de Jo\u00e3o Pessoa, Cabedelo, Santa Luzia, Itabaiana, Salgado de S\u00e3o F\u00e9lix, Mariz\u00f3polis, Mogeiro, Caldas Brand\u00e3o, Cajazeiras, Gurinh\u00e9m e Pedras de Fogo.<\/p>\n<\/div>\n<\/div>\n<div data-track-category=\"fim do conteudo\" data-track-action=\"ultimo chunk conteudo\" data-track-noninteraction=\"false\" data-track-scroll=\"entrada completa viewport\">\n<div class=\"mc-column content-text active-extra-styles \" data-block-type=\"unstyled\" data-block-weight=\"38\" data-block-id=\"5\">\n<p class=\"content-text__container \" data-track-category=\"Link no Texto\" data-track-links=\"\">A mesma comiss\u00e3o, formada pelos servidores Cl\u00e1udio Roberto Tol\u00eado de Santana, J\u00e1der Ribeiro Silva e Maria Jos\u00e9 Medeiros Neto, vai investigar as escolas estaduais com ind\u00edcios de irregularidades. N\u00e3o consta nas publica\u00e7\u00f5es prazo para conclus\u00e3o dos procedimentos investigativos.<\/p>\n<p><strong>CARIRI EM A\u00c7\u00c3O<\/strong><\/p>\n<p>Com Ascom \/Foto: Reprodu\u00e7\u00e3o<\/p>\n<p>Leia mais not\u00edcias em\u00a0<a href=\"http:\/\/www.caririemacao.com\/\">caririemacao.com<\/a>, siga nossa p\u00e1gina no\u00a0<a href=\"https:\/\/www.facebook.com\/CaririEmAcao\/?ref=aymt_homepage_panel\">Facebook<\/a>,\u00a0<a href=\"https:\/\/www.instagram.com\/cariri_em_acao\/?hl=pt-br\">Instagram<\/a>\u00a0e <a href=\"https:\/\/www.youtube.com\/channel\/UCAptA0jQuYQy8vMhLt2m4qg\">Youtube<\/a>\u00a0e veja nossas mat\u00e9rias, v\u00eddeos e fotos. Voc\u00ea tamb\u00e9m pode enviar informa\u00e7\u00f5es \u00e0 Reda\u00e7\u00e3o do Portal Cariri em A\u00e7\u00e3o pelo WhatsApp (83) 9 9634.5791, (83) 9 9601-1162.<\/p>\n<\/div>\n<\/div>\n","protected":false},"excerpt":{"rendered":"<p>Vinte escolas da rede estadual da Para\u00edba est\u00e3o sendo investigadas por meio de sindic\u00e2ncias instauradas pela Secretaria de Educa\u00e7\u00e3o do estado ap\u00f3s den\u00fancias de irregularidades.&hellip; <\/p>\n","protected":false},"author":1,"featured_media":58621,"comment_status":"closed","ping_status":"closed","sticky":false,"template":"","format":"standard","meta":{"sfsi_plus_gutenberg_text_before_share":"","sfsi_plus_gutenberg_show_text_before_share":"","sfsi_plus_gutenberg_icon_type":"","sfsi_plus_gutenberg_icon_alignemt":"","sfsi_plus_gutenburg_max_per_row":"","footnotes":""},"categories":[2],"tags":[],"class_list":["post-58620","post","type-post","status-publish","format-standard","has-post-thumbnail","hentry","category-geral"],"_links":{"self":[{"href":"https:\/\/www.caririemacao.com\/1\/wp-json\/wp\/v2\/posts\/58620","targetHints":{"allow":["GET"]}}],"collection":[{"href":"https:\/\/www.caririemacao.com\/1\/wp-json\/wp\/v2\/posts"}],"about":[{"href":"https:\/\/www.caririemacao.com\/1\/wp-json\/wp\/v2\/types\/post"}],"author":[{"embeddable":true,"href":"https:\/\/www.caririemacao.com\/1\/wp-json\/wp\/v2\/users\/1"}],"replies":[{"embeddable":true,"href":"https:\/\/www.caririemacao.com\/1\/wp-json\/wp\/v2\/comments?post=58620"}],"version-history":[{"count":1,"href":"https:\/\/www.caririemacao.com\/1\/wp-json\/wp\/v2\/posts\/58620\/revisions"}],"predecessor-version":[{"id":58622,"href":"https:\/\/www.caririemacao.com\/1\/wp-json\/wp\/v2\/posts\/58620\/revisions\/58622"}],"wp:featuredmedia":[{"embeddable":true,"href":"https:\/\/www.caririemacao.com\/1\/wp-json\/wp\/v2\/media\/58621"}],"wp:attachment":[{"href":"https:\/\/www.caririemacao.com\/1\/wp-json\/wp\/v2\/media?parent=58620"}],"wp:term":[{"taxonomy":"category","embeddable":true,"href":"https:\/\/www.caririemacao.com\/1\/wp-json\/wp\/v2\/categories?post=58620"},{"taxonomy":"post_tag","embeddable":true,"href":"https:\/\/www.caririemacao.com\/1\/wp-json\/wp\/v2\/tags?post=58620"}],"curies":[{"name":"wp","href":"https:\/\/api.w.org\/{rel}","templated":true}]}}