{"id":58626,"date":"2018-07-25T10:21:57","date_gmt":"2018-07-25T13:21:57","guid":{"rendered":"http:\/\/caririemacao.com\/1\/?p=58626"},"modified":"2018-07-25T10:21:57","modified_gmt":"2018-07-25T13:21:57","slug":"prefeitura-de-gurjao-inaugura-espaco-de-lazer-esporte-e-cultura-para-os-jovens","status":"publish","type":"post","link":"https:\/\/www.caririemacao.com\/1\/2018\/07\/25\/prefeitura-de-gurjao-inaugura-espaco-de-lazer-esporte-e-cultura-para-os-jovens\/","title":{"rendered":"Prefeitura de Gurj\u00e3o inaugura espa\u00e7o de lazer, esporte e cultura para os jovens"},"content":{"rendered":"<p>O prefeito de Gurj\u00e3o, Ronaldo Queiroz, inaugurou nesta ter\u00e7a-feira(24), o Centro da Juventude, um espa\u00e7o de conviv\u00eancia para jovens e adolescentes com pr\u00e1ticas de lazer, esporte, atividades culturais e qualifica\u00e7\u00e3o profissional em tempo integral.<\/p>\n<p>Estiveram presentes na solenidade os\u00a0secret\u00e1rios dos departamentos de Infraestrutura, Fabio Coutinho,\u00a0 Educa\u00e7\u00e3o e desporto, Jane Erika,\u00a0 de Sa\u00fade, Bruna Moura, de Finan\u00e7as, Tiago Reis e Assist\u00eancia Social, Macielma Farias e os vereadores Marcelo Farias, Elizete e Diogo Coutinho.<\/p>\n<p>O prefeito anunciou que ser\u00e1 desenvolvido um programa para afastar adolescentes e jovens de situa\u00e7\u00f5es de exposi\u00e7\u00e3o ao risco e vulnerabilidade social e realizar a\u00e7\u00f5es que favore\u00e7am a sua forma\u00e7\u00e3o pessoal, profissional e pol\u00edtica, o programa \u00e9 baseado em tr\u00eas pilares: cidadania, conviv\u00eancia e forma\u00e7\u00e3o, e faz parte da rede socioassistencial de Prote\u00e7\u00e3o Social.<\/p>\n<p>Os membros da Confedera\u00e7\u00e3o Nacional de Munic\u00edpios (CNM), o jornalista, Tiago Rebou\u00e7as, o assessor, Tales Rocha, e a analista, Jasmin Madueno tamb\u00e9m estiveram no evento para conhecer o projeto.<\/p>\n<p><strong>Programa de Protagonismo Juventil<\/strong><\/p>\n<p>O PPJ pretende fomentar um programa com componentes curriculares, interdependentes e complementares, objetivando a forma\u00e7\u00e3o b\u00e1sica dos jovens de acordo com seus sonhos, desenvolvimento de compet\u00eancias e habilidades, incluindo valores socioculturais que viabilizem uma vida mais qualificada e exer\u00e7a a prepara\u00e7\u00e3o para o mercado de trabalho, os afastando de qualquer possibilidades que venha a desviar da conduta integra de viver em comunidade, a exemplo, as drogas il\u00edcitas.<\/p>\n<p><strong>CARIRI EM A\u00c7\u00c3O<\/strong><\/p>\n<p>Com Ascom\/Foto: Divulga\u00e7\u00e3o<\/p>\n<p>Leia mais not\u00edcias em\u00a0<a href=\"http:\/\/www.caririemacao.com\/\">caririemacao.com<\/a>, siga nossa p\u00e1gina no\u00a0<a href=\"https:\/\/www.facebook.com\/CaririEmAcao\/?ref=aymt_homepage_panel\">Facebook<\/a>,\u00a0<a href=\"https:\/\/www.instagram.com\/cariri_em_acao\/?hl=pt-br\">Instagram<\/a>\u00a0e <a href=\"https:\/\/www.youtube.com\/channel\/UCAptA0jQuYQy8vMhLt2m4qg\">Youtube<\/a>\u00a0e veja nossas mat\u00e9rias, v\u00eddeos e fotos. Voc\u00ea tamb\u00e9m pode enviar informa\u00e7\u00f5es \u00e0 Reda\u00e7\u00e3o do Portal Cariri em A\u00e7\u00e3o pelo WhatsApp (83) 9 9634.5791, (83) 9 9601-1162.<\/p>\n","protected":false},"excerpt":{"rendered":"<p>O prefeito de Gurj\u00e3o, Ronaldo Queiroz, inaugurou nesta ter\u00e7a-feira(24), o Centro da Juventude, um espa\u00e7o de conviv\u00eancia para jovens e adolescentes com pr\u00e1ticas de lazer,&hellip; <\/p>\n","protected":false},"author":1,"featured_media":58627,"comment_status":"closed","ping_status":"closed","sticky":false,"template":"","format":"standard","meta":{"sfsi_plus_gutenberg_text_before_share":"","sfsi_plus_gutenberg_show_text_before_share":"","sfsi_plus_gutenberg_icon_type":"","sfsi_plus_gutenberg_icon_alignemt":"","sfsi_plus_gutenburg_max_per_row":"","footnotes":""},"categories":[6],"tags":[],"class_list":["post-58626","post","type-post","status-publish","format-standard","has-post-thumbnail","hentry","category-cidades"],"_links":{"self":[{"href":"https:\/\/www.caririemacao.com\/1\/wp-json\/wp\/v2\/posts\/58626","targetHints":{"allow":["GET"]}}],"collection":[{"href":"https:\/\/www.caririemacao.com\/1\/wp-json\/wp\/v2\/posts"}],"about":[{"href":"https:\/\/www.caririemacao.com\/1\/wp-json\/wp\/v2\/types\/post"}],"author":[{"embeddable":true,"href":"https:\/\/www.caririemacao.com\/1\/wp-json\/wp\/v2\/users\/1"}],"replies":[{"embeddable":true,"href":"https:\/\/www.caririemacao.com\/1\/wp-json\/wp\/v2\/comments?post=58626"}],"version-history":[{"count":1,"href":"https:\/\/www.caririemacao.com\/1\/wp-json\/wp\/v2\/posts\/58626\/revisions"}],"predecessor-version":[{"id":58628,"href":"https:\/\/www.caririemacao.com\/1\/wp-json\/wp\/v2\/posts\/58626\/revisions\/58628"}],"wp:featuredmedia":[{"embeddable":true,"href":"https:\/\/www.caririemacao.com\/1\/wp-json\/wp\/v2\/media\/58627"}],"wp:attachment":[{"href":"https:\/\/www.caririemacao.com\/1\/wp-json\/wp\/v2\/media?parent=58626"}],"wp:term":[{"taxonomy":"category","embeddable":true,"href":"https:\/\/www.caririemacao.com\/1\/wp-json\/wp\/v2\/categories?post=58626"},{"taxonomy":"post_tag","embeddable":true,"href":"https:\/\/www.caririemacao.com\/1\/wp-json\/wp\/v2\/tags?post=58626"}],"curies":[{"name":"wp","href":"https:\/\/api.w.org\/{rel}","templated":true}]}}