{"id":58629,"date":"2018-07-25T10:24:51","date_gmt":"2018-07-25T13:24:51","guid":{"rendered":"http:\/\/caririemacao.com\/1\/?p=58629"},"modified":"2018-07-25T10:24:51","modified_gmt":"2018-07-25T13:24:51","slug":"centro-gravitacional-por-paiva-netto","status":"publish","type":"post","link":"https:\/\/www.caririemacao.com\/1\/2018\/07\/25\/centro-gravitacional-por-paiva-netto\/","title":{"rendered":"Centro gravitacional \u2013 Por Paiva Netto"},"content":{"rendered":"<p>A Caridade \u00e9 o centro gravitacional da consci\u00eancia ideol\u00f3gica, portanto, educacional, pol\u00edtica, social, filos\u00f3fica, cient\u00edfica, religiosa, art\u00edstica, esportiva, dom\u00e9stica e p\u00fablica do Cidad\u00e3o Espiritual, de modo que \u2014 se o ser humano n\u00e3o tiver compreens\u00e3o dela \u2014 deve esfor\u00e7ar-se para entend\u00ea-la, a fim de que venha a subsistir em sua pr\u00f3pria intimidade. N\u00e3o h\u00e1 c\u00e9u mais auspicioso do que o cora\u00e7\u00e3o, quando iluminado pelas for\u00e7as do Bem.<\/p>\n<p>A Caridade \u00e9 o divino sentimento que nos mant\u00e9m vivos. Por toda a exist\u00eancia, mormente na hora da dor, ao inv\u00e9s de lamenta\u00e7\u00f5es, n\u00e3o nos esque\u00e7amos dela e a pratiquemos com devo\u00e7\u00e3o. Trata-se de um grande medicamento para a Alma.<\/p>\n<p>O saudoso fundador da Legi\u00e3o da Boa Vontade Alziro Zarur (1914-1979) poetizou, com esta m\u00e1xima, uma verdade flagrante: \u201cA vibra\u00e7\u00e3o do \u00f3dio destr\u00f3i o corpo humano, que foi feito para vibrar na Lei do Amor\u201d.<\/p>\n<p>A Caridade \u00e9 a prova do poder do Esp\u00edrito de construir promissoras \u00e9pocas para os cidad\u00e3os de todo o planeta. N\u00e3o h\u00e1 maior inspira\u00e7\u00e3o para a boa pol\u00edtica do que ela. Absurdo?! O tempo mostrar\u00e1 que n\u00e3o. Ali\u00e1s, j\u00e1 est\u00e1 mostrando.<\/p>\n<p>Essa ignor\u00e2ncia, tantas vezes sofisticada, acerca de seu abrangente valor pode mostrar-se arrogante a respeito do significado lato sensu da Caridade e de sua efici\u00eancia na vida cotidiana de homens, povos e na\u00e7\u00f5es. Esse desconhecimento tem redundado nos trope\u00e7os de muita ideologia que intentou \u2014 com resultados aqu\u00e9m dos prometidos \u2014 corrigir a conjuntura de mis\u00e9ria abjeta, que massacra popula\u00e7\u00f5es imensas. E, ao me reportar \u00e0 mis\u00e9ria, n\u00e3o falo apenas de pen\u00faria social, mas espiritual, moral, mental, do intelecto.<\/p>\n<p>A observa\u00e7\u00e3o dos padecimentos humanos, quando \u00e0 dist\u00e2ncia, pode levar algu\u00e9m a erigir uma quimera, apesar de sua grande erudi\u00e7\u00e3o. Isso, por falta daquela sabedoria comum aos mais simples, alcan\u00e7ada na peleja do labor constante, para usufruir de condi\u00e7\u00f5es m\u00ednimas de vida, diante dos embates do dia a dia, a fim de, por exemplo, sustentar a fam\u00edlia.<\/p>\n<p>A teoria, na pr\u00e1tica, nem sempre \u00e9 a mesma coisa, pois a todo instante se \u00e9 afrontado por fatos repentinos. A sabedoria que vem dos mil\u00eanios ir\u00e1 revelando que, ao patrim\u00f4nio acad\u00eamico, deve juntar-se a instru\u00e7\u00e3o suprema nascida do aprendizado do sofrimento das multid\u00f5es. O homem da rua tem muito a ensinar \u00e0s suas elites.<\/p>\n<p>Jos\u00e9 de Paiva Netto, jornalista, radialista e escritor.<br \/>\npaivanetto@lbv.org.br \u2014 www.boavontade.com<\/p>\n<p><strong>CARIRI EM A\u00c7\u00c3O<\/strong><\/p>\n<p>Leia mais not\u00edcias em\u00a0<a href=\"http:\/\/www.caririemacao.com\/\">caririemacao.com<\/a>, siga nossa p\u00e1gina no\u00a0<a href=\"https:\/\/www.facebook.com\/CaririEmAcao\/?ref=aymt_homepage_panel\">Facebook<\/a>,\u00a0<a href=\"https:\/\/www.instagram.com\/cariri_em_acao\/?hl=pt-br\">Instagram<\/a>\u00a0e <a href=\"https:\/\/www.youtube.com\/channel\/UCAptA0jQuYQy8vMhLt2m4qg\">Youtube<\/a>\u00a0e veja nossas mat\u00e9rias, v\u00eddeos e fotos. Voc\u00ea tamb\u00e9m pode enviar informa\u00e7\u00f5es \u00e0 Reda\u00e7\u00e3o do Portal Cariri em A\u00e7\u00e3o pelo WhatsApp (83) 9 9634.5791, (83) 9 9601-1162.<\/p>\n<p>&nbsp;<\/p>\n","protected":false},"excerpt":{"rendered":"<p>A Caridade \u00e9 o centro gravitacional da consci\u00eancia ideol\u00f3gica, portanto, educacional, pol\u00edtica, social, filos\u00f3fica, cient\u00edfica, religiosa, art\u00edstica, esportiva, dom\u00e9stica e p\u00fablica do Cidad\u00e3o Espiritual, de&hellip; <\/p>\n","protected":false},"author":1,"featured_media":58630,"comment_status":"closed","ping_status":"closed","sticky":false,"template":"","format":"standard","meta":{"sfsi_plus_gutenberg_text_before_share":"","sfsi_plus_gutenberg_show_text_before_share":"","sfsi_plus_gutenberg_icon_type":"","sfsi_plus_gutenberg_icon_alignemt":"","sfsi_plus_gutenburg_max_per_row":"","footnotes":""},"categories":[2],"tags":[],"class_list":["post-58629","post","type-post","status-publish","format-standard","has-post-thumbnail","hentry","category-geral"],"_links":{"self":[{"href":"https:\/\/www.caririemacao.com\/1\/wp-json\/wp\/v2\/posts\/58629","targetHints":{"allow":["GET"]}}],"collection":[{"href":"https:\/\/www.caririemacao.com\/1\/wp-json\/wp\/v2\/posts"}],"about":[{"href":"https:\/\/www.caririemacao.com\/1\/wp-json\/wp\/v2\/types\/post"}],"author":[{"embeddable":true,"href":"https:\/\/www.caririemacao.com\/1\/wp-json\/wp\/v2\/users\/1"}],"replies":[{"embeddable":true,"href":"https:\/\/www.caririemacao.com\/1\/wp-json\/wp\/v2\/comments?post=58629"}],"version-history":[{"count":1,"href":"https:\/\/www.caririemacao.com\/1\/wp-json\/wp\/v2\/posts\/58629\/revisions"}],"predecessor-version":[{"id":58631,"href":"https:\/\/www.caririemacao.com\/1\/wp-json\/wp\/v2\/posts\/58629\/revisions\/58631"}],"wp:featuredmedia":[{"embeddable":true,"href":"https:\/\/www.caririemacao.com\/1\/wp-json\/wp\/v2\/media\/58630"}],"wp:attachment":[{"href":"https:\/\/www.caririemacao.com\/1\/wp-json\/wp\/v2\/media?parent=58629"}],"wp:term":[{"taxonomy":"category","embeddable":true,"href":"https:\/\/www.caririemacao.com\/1\/wp-json\/wp\/v2\/categories?post=58629"},{"taxonomy":"post_tag","embeddable":true,"href":"https:\/\/www.caririemacao.com\/1\/wp-json\/wp\/v2\/tags?post=58629"}],"curies":[{"name":"wp","href":"https:\/\/api.w.org\/{rel}","templated":true}]}}