{"id":58632,"date":"2018-07-25T10:29:30","date_gmt":"2018-07-25T13:29:30","guid":{"rendered":"http:\/\/caririemacao.com\/1\/?p=58632"},"modified":"2018-07-25T10:29:30","modified_gmt":"2018-07-25T13:29:30","slug":"camalau-festa-de-santo-antonio-e-sucesso","status":"publish","type":"post","link":"https:\/\/www.caririemacao.com\/1\/2018\/07\/25\/camalau-festa-de-santo-antonio-e-sucesso\/","title":{"rendered":"CAMALA\u00da: Festa de Santo Ant\u00f4nio \u00e9 sucesso"},"content":{"rendered":"<p>Mais uma festa de Santo Ant\u00f4nio chegou ao fim se consolidando como uma das maiores festas cultural-religiosa do Cariri Paraibano.<\/p>\n<p>Foram 13 dias de muita alegria, com celebra\u00e7\u00f5es religiosas, evento esportivo, lan\u00e7amentos de livros. encontro de banda de p\u00edfanos, concurso de dan\u00e7a, maratona de forr\u00f3, e muito mais.<\/p>\n<p>A Festa completou 43 anos com a ess\u00eancia de ser uma festa pelo povo e para o povo. A popula\u00e7\u00e3o abra\u00e7a a festa de uma forma muito carinhosa.<\/p>\n<p>O coordenador da Festa de Santo Ant\u00f4nio, o professor Ant\u00f4nio Mariano assim se manifestou em mensagem de agradecimento.<\/p>\n<p>AGRADECIMENTO:<\/p>\n<p>A Festa de Santo Ant\u00f4nio (a Festa do Fogo Sagrado), em Camala\u00fa\/PB, neste ano de 2018, foi mesmo uma grande festa e, por isso, s\u00f3 temos que AGRADECER!\u2026 Agradecer a DEUS, ao nosso Mestre Divino (Jesus Cristo), \u00e0 Virgem M\u00e3e, a Santo Ant\u00f4nio\u2026 e a todas as pessoas que participaram e colaboraram de alguma forma. Brevemente, publicaremos a Presta\u00e7\u00e3o de Contas, para que a comunidade fique bem informada sobre os resultados da Festa que \u2013 apesar das dificuldades \u2013 superaram as nossas expectativas. DEUS SEJA LOUVADO!<\/p>\n<p><strong>CARIRI EM A\u00c7\u00c3O<\/strong><\/p>\n<p>Com Camala\u00fa Not\u00edcias\/Foto: Reprodu\u00e7\u00e3o Internet<\/p>\n<p>Leia mais not\u00edcias em\u00a0<a href=\"http:\/\/www.caririemacao.com\/\">caririemacao.com<\/a>, siga nossa p\u00e1gina no\u00a0<a href=\"https:\/\/www.facebook.com\/CaririEmAcao\/?ref=aymt_homepage_panel\">Facebook<\/a>,\u00a0<a href=\"https:\/\/www.instagram.com\/cariri_em_acao\/?hl=pt-br\">Instagram<\/a>\u00a0e <a href=\"https:\/\/www.youtube.com\/channel\/UCAptA0jQuYQy8vMhLt2m4qg\">Youtube<\/a>\u00a0e veja nossas mat\u00e9rias, v\u00eddeos e fotos. Voc\u00ea tamb\u00e9m pode enviar informa\u00e7\u00f5es \u00e0 Reda\u00e7\u00e3o do Portal Cariri em A\u00e7\u00e3o pelo WhatsApp (83) 9 9634.5791, (83) 9 9601-1162.<\/p>\n","protected":false},"excerpt":{"rendered":"<p>Mais uma festa de Santo Ant\u00f4nio chegou ao fim se consolidando como uma das maiores festas cultural-religiosa do Cariri Paraibano. Foram 13 dias de muita&hellip; <\/p>\n","protected":false},"author":1,"featured_media":58633,"comment_status":"closed","ping_status":"closed","sticky":false,"template":"","format":"standard","meta":{"sfsi_plus_gutenberg_text_before_share":"","sfsi_plus_gutenberg_show_text_before_share":"","sfsi_plus_gutenberg_icon_type":"","sfsi_plus_gutenberg_icon_alignemt":"","sfsi_plus_gutenburg_max_per_row":"","footnotes":""},"categories":[6],"tags":[],"class_list":["post-58632","post","type-post","status-publish","format-standard","has-post-thumbnail","hentry","category-cidades"],"_links":{"self":[{"href":"https:\/\/www.caririemacao.com\/1\/wp-json\/wp\/v2\/posts\/58632","targetHints":{"allow":["GET"]}}],"collection":[{"href":"https:\/\/www.caririemacao.com\/1\/wp-json\/wp\/v2\/posts"}],"about":[{"href":"https:\/\/www.caririemacao.com\/1\/wp-json\/wp\/v2\/types\/post"}],"author":[{"embeddable":true,"href":"https:\/\/www.caririemacao.com\/1\/wp-json\/wp\/v2\/users\/1"}],"replies":[{"embeddable":true,"href":"https:\/\/www.caririemacao.com\/1\/wp-json\/wp\/v2\/comments?post=58632"}],"version-history":[{"count":1,"href":"https:\/\/www.caririemacao.com\/1\/wp-json\/wp\/v2\/posts\/58632\/revisions"}],"predecessor-version":[{"id":58634,"href":"https:\/\/www.caririemacao.com\/1\/wp-json\/wp\/v2\/posts\/58632\/revisions\/58634"}],"wp:featuredmedia":[{"embeddable":true,"href":"https:\/\/www.caririemacao.com\/1\/wp-json\/wp\/v2\/media\/58633"}],"wp:attachment":[{"href":"https:\/\/www.caririemacao.com\/1\/wp-json\/wp\/v2\/media?parent=58632"}],"wp:term":[{"taxonomy":"category","embeddable":true,"href":"https:\/\/www.caririemacao.com\/1\/wp-json\/wp\/v2\/categories?post=58632"},{"taxonomy":"post_tag","embeddable":true,"href":"https:\/\/www.caririemacao.com\/1\/wp-json\/wp\/v2\/tags?post=58632"}],"curies":[{"name":"wp","href":"https:\/\/api.w.org\/{rel}","templated":true}]}}