{"id":58637,"date":"2018-07-25T10:35:14","date_gmt":"2018-07-25T13:35:14","guid":{"rendered":"http:\/\/caririemacao.com\/1\/?p=58637"},"modified":"2018-07-25T10:35:14","modified_gmt":"2018-07-25T13:35:14","slug":"paraiba-vai-ter-mais-cidadaos-com-mais-de-65-anos-do-que-com-menos-de-15-em-2041","status":"publish","type":"post","link":"https:\/\/www.caririemacao.com\/1\/2018\/07\/25\/paraiba-vai-ter-mais-cidadaos-com-mais-de-65-anos-do-que-com-menos-de-15-em-2041\/","title":{"rendered":"Para\u00edba vai ter mais cidad\u00e3os com mais de 65 anos do que com menos de 15 em 2041"},"content":{"rendered":"<p>Em 2041, a popula\u00e7\u00e3o de 65 anos ou mais da Para\u00edba vai ultrapassar os com menos de 15 anos. Este tamb\u00e9m ser\u00e1 o mesmo ano em que a popula\u00e7\u00e3o do estado deve come\u00e7ar a diminuir.<\/p>\n<p>O estudo \u2018Proje\u00e7\u00e3o de Popula\u00e7\u00e3o (revis\u00e3o 2018)\u2019, realizado pelo Instituto Brasileiro de Geografia e Estat\u00edstica (IBGE), divulgado nesta quarta-feira (25), traz ainda a proje\u00e7\u00e3o dos n\u00fameros de nascimentos e \u00f3bitos no estado, o que indica as causas para a invers\u00e3o da idade dos habitantes do estado.<\/p>\n<p>Atualmente com idade m\u00e9dia de 31,76 anos, segundo o levantamento do IBGE, o estado da Para\u00edba tem quase 4 milh\u00f5es de habitantes (3.996.496 \u00e9 o n\u00famero exato).<\/p>\n<p>A expectativa do Instituto \u00e9 que nos pr\u00f3ximos dois anos, a popula\u00e7\u00e3o paraibana chegue a 4.039.277 e, em dez anos, atinja a marca de 4.207.657 habitantes.<\/p>\n<p>Na d\u00e9cada em que o IBGE projeta que a popula\u00e7\u00e3o com mais de 65 anos supere os que t\u00eam 15 anos, o n\u00famero de habitantes deve chegar ao pico de 4.267.727. Nas duas d\u00e9cadas seguintes, em 2050 e 2060, no entanto, a estimativa \u00e9 de que haja redu\u00e7\u00e3o da popula\u00e7\u00e3o no estado, j\u00e1 que o quantitativo deve recuar para 4.214.358 habitantes e em seguida para 4.048.336, voltando ao mesmo patamar que deve chegar daqui a dois anos.<\/p>\n<h4>Nascimentos e \u00f3bitos<\/h4>\n<p>O novo estudo do IBGE tamb\u00e9m tra\u00e7ou uma proje\u00e7\u00e3o do quantitativo de \u00f3bitos e nascimentos que devem ocorrer na Para\u00edba at\u00e9 2060. Segundo dados do Instituto, a partir deste ano, em que a Para\u00edba atinge a marca de 58.711, a tend\u00eancia \u00e9 que haja uma redu\u00e7\u00e3o gradativa no total de nascimentos no estado. J\u00e1 em 2030, a estimativa \u00e9 que a natalidade diminua em quase 7 mil nascimentos. Quando o estado chegar ao ano de 2060 ser\u00e3o 22 mil nascimentos a menos, no comparativo com os dados de 2018.<\/p>\n<p>Em rela\u00e7\u00e3o ao quantitativo de \u00f3bitos, a proje\u00e7\u00e3o segue o caminho inversos aos dos nascimentos. Enquanto em 2018 o n\u00famero de \u00f3bitos deve chegar a 31.128, quando o estado chegar a 2030 deve chegar sofrer um aumento de pouco mais de 3 mil \u00f3bitos a mais do que este ano. Em 2060, \u00faltimo ano levantado pelo IBGE, o n\u00famero de \u00f3bitos deve alcan\u00e7ar a marca de 54.254 habitantes da Para\u00edba mortos, ou seja, mais de 23 mil a mais do que este ano.<\/p>\n<h4>Estudo do IBGE<\/h4>\n<p>A\u00a0Proje\u00e7\u00e3o de Popula\u00e7\u00e3o (revis\u00e3o 2018)\u00a0\u00e9 o c\u00e1lculo da popula\u00e7\u00e3o do Brasil e das suas 27 unidades da federa\u00e7\u00e3o, por idades (de zero a 90 anos ou mais), ano a ano, de 2010 a 2060, de acordo com os m\u00e9todos demogr\u00e1ficos recomendados pela Divis\u00e3o de Popula\u00e7\u00e3o das Na\u00e7\u00f5es Unidas.<\/p>\n<p>Desses resultados \u00e9 poss\u00edvel obter v\u00e1rias informa\u00e7\u00f5es, como o n\u00famero de eleitores em potencial para 2018 e as propor\u00e7\u00f5es de crian\u00e7as, jovens, adultos e idosos na popula\u00e7\u00e3o. Tamb\u00e9m \u00e9 poss\u00edvel acompanhar a evolu\u00e7\u00e3o das taxas de fecundidade e da idade m\u00e9dia em que as mulheres t\u00eam filhos, al\u00e9m do saldo migrat\u00f3rio interno das unidades da federa\u00e7\u00e3o (imigrantes menos emigrantes).<\/p>\n<p><strong>Confira abaixo a tabela com os dados da Para\u00edba*:<\/strong><\/p>\n<table border=\"1\" width=\"659\" cellspacing=\"0\" cellpadding=\"4\">\n<colgroup>\n<col width=\"51\" \/>\n<col width=\"160\" \/>\n<col width=\"117\" \/>\n<col width=\"116\" \/><\/colgroup>\n<tbody>\n<tr valign=\"TOP\">\n<td width=\"51\">\n<p class=\"western\"><b>Ano<\/b><\/p>\n<\/td>\n<td width=\"160\">\n<p class=\"western\"><b>Popula\u00e7\u00e3o da Para\u00edba<\/b><\/p>\n<\/td>\n<td width=\"117\">\n<p class=\"western\"><b>Nascimentos<\/b><\/p>\n<\/td>\n<td width=\"116\">\n<p class=\"western\"><b>\u00d3bitos<\/b><\/p>\n<\/td>\n<\/tr>\n<tr valign=\"TOP\">\n<td width=\"51\">\n<p class=\"western\">2018<\/p>\n<\/td>\n<td width=\"160\">\n<p class=\"western\">3996496<\/p>\n<\/td>\n<td width=\"117\">\n<p class=\"western\">58711<\/p>\n<\/td>\n<td width=\"116\">\n<p class=\"western\">31128<\/p>\n<\/td>\n<\/tr>\n<tr valign=\"TOP\">\n<td width=\"51\">\n<p class=\"western\">2020<\/p>\n<\/td>\n<td width=\"160\">\n<p class=\"western\">4039277<\/p>\n<\/td>\n<td width=\"117\">\n<p class=\"western\">57747<\/p>\n<\/td>\n<td width=\"116\">\n<p class=\"western\">31318<\/p>\n<\/td>\n<\/tr>\n<tr valign=\"TOP\">\n<td width=\"51\">\n<p class=\"western\">2030<\/p>\n<\/td>\n<td width=\"160\">\n<p class=\"western\">4207657<\/p>\n<\/td>\n<td width=\"117\">\n<p class=\"western\">50849<\/p>\n<\/td>\n<td width=\"116\">\n<p class=\"western\">34477<\/p>\n<\/td>\n<\/tr>\n<tr valign=\"TOP\">\n<td width=\"51\">\n<p class=\"western\">2040<\/p>\n<\/td>\n<td width=\"160\">\n<p class=\"western\">4267727<\/p>\n<\/td>\n<td width=\"117\">\n<p class=\"western\">44902<\/p>\n<\/td>\n<td width=\"116\">\n<p class=\"western\">40106<\/p>\n<\/td>\n<\/tr>\n<tr valign=\"TOP\">\n<td width=\"51\">\n<p class=\"western\">2050<\/p>\n<\/td>\n<td width=\"160\">\n<p class=\"western\">4214358<\/p>\n<\/td>\n<td width=\"117\">\n<p class=\"western\">40932<\/p>\n<\/td>\n<td width=\"116\">\n<p class=\"western\">47318<\/p>\n<\/td>\n<\/tr>\n<tr valign=\"TOP\">\n<td width=\"51\">\n<p class=\"western\">2060<\/p>\n<\/td>\n<td width=\"160\">\n<p class=\"western\">4048336<\/p>\n<\/td>\n<td width=\"117\">\n<p class=\"western\">36674<\/p>\n<\/td>\n<td width=\"116\">\n<p class=\"western\">54254<\/p>\n<\/td>\n<\/tr>\n<\/tbody>\n<\/table>\n<p>* Fonte: IBGE\/Diretoria de Pesquisas.<\/p>\n<p><strong>CARIRI EM A\u00c7\u00c3O<\/strong><\/p>\n<p>Com Jornal da Para\u00edba\/Foto: Reprodu\u00e7\u00e3o Internet<\/p>\n<p>Leia mais not\u00edcias em\u00a0<a href=\"http:\/\/www.caririemacao.com\/\">caririemacao.com<\/a>, siga nossa p\u00e1gina no\u00a0<a href=\"https:\/\/www.facebook.com\/CaririEmAcao\/?ref=aymt_homepage_panel\">Facebook<\/a>,\u00a0<a href=\"https:\/\/www.instagram.com\/cariri_em_acao\/?hl=pt-br\">Instagram<\/a>\u00a0e <a href=\"https:\/\/www.youtube.com\/channel\/UCAptA0jQuYQy8vMhLt2m4qg\">Youtube<\/a>\u00a0e veja nossas mat\u00e9rias, v\u00eddeos e fotos. Voc\u00ea tamb\u00e9m pode enviar informa\u00e7\u00f5es \u00e0 Reda\u00e7\u00e3o do Portal Cariri em A\u00e7\u00e3o pelo WhatsApp (83) 9 9634.5791, (83) 9 9601-1162.<\/p>\n","protected":false},"excerpt":{"rendered":"<p>Em 2041, a popula\u00e7\u00e3o de 65 anos ou mais da Para\u00edba vai ultrapassar os com menos de 15 anos. Este tamb\u00e9m ser\u00e1 o mesmo ano&hellip; <\/p>\n","protected":false},"author":1,"featured_media":9248,"comment_status":"closed","ping_status":"closed","sticky":false,"template":"","format":"standard","meta":{"sfsi_plus_gutenberg_text_before_share":"","sfsi_plus_gutenberg_show_text_before_share":"","sfsi_plus_gutenberg_icon_type":"","sfsi_plus_gutenberg_icon_alignemt":"","sfsi_plus_gutenburg_max_per_row":"","footnotes":""},"categories":[2],"tags":[],"class_list":["post-58637","post","type-post","status-publish","format-standard","has-post-thumbnail","hentry","category-geral"],"_links":{"self":[{"href":"https:\/\/www.caririemacao.com\/1\/wp-json\/wp\/v2\/posts\/58637","targetHints":{"allow":["GET"]}}],"collection":[{"href":"https:\/\/www.caririemacao.com\/1\/wp-json\/wp\/v2\/posts"}],"about":[{"href":"https:\/\/www.caririemacao.com\/1\/wp-json\/wp\/v2\/types\/post"}],"author":[{"embeddable":true,"href":"https:\/\/www.caririemacao.com\/1\/wp-json\/wp\/v2\/users\/1"}],"replies":[{"embeddable":true,"href":"https:\/\/www.caririemacao.com\/1\/wp-json\/wp\/v2\/comments?post=58637"}],"version-history":[{"count":1,"href":"https:\/\/www.caririemacao.com\/1\/wp-json\/wp\/v2\/posts\/58637\/revisions"}],"predecessor-version":[{"id":58638,"href":"https:\/\/www.caririemacao.com\/1\/wp-json\/wp\/v2\/posts\/58637\/revisions\/58638"}],"wp:featuredmedia":[{"embeddable":true,"href":"https:\/\/www.caririemacao.com\/1\/wp-json\/wp\/v2\/media\/9248"}],"wp:attachment":[{"href":"https:\/\/www.caririemacao.com\/1\/wp-json\/wp\/v2\/media?parent=58637"}],"wp:term":[{"taxonomy":"category","embeddable":true,"href":"https:\/\/www.caririemacao.com\/1\/wp-json\/wp\/v2\/categories?post=58637"},{"taxonomy":"post_tag","embeddable":true,"href":"https:\/\/www.caririemacao.com\/1\/wp-json\/wp\/v2\/tags?post=58637"}],"curies":[{"name":"wp","href":"https:\/\/api.w.org\/{rel}","templated":true}]}}