{"id":58651,"date":"2018-07-25T10:59:57","date_gmt":"2018-07-25T13:59:57","guid":{"rendered":"http:\/\/caririemacao.com\/1\/?p=58651"},"modified":"2018-07-25T10:59:57","modified_gmt":"2018-07-25T13:59:57","slug":"tce-julga-nesta-quarta-contas-de-seis-prefeituras-do-cariri","status":"publish","type":"post","link":"https:\/\/www.caririemacao.com\/1\/2018\/07\/25\/tce-julga-nesta-quarta-contas-de-seis-prefeituras-do-cariri\/","title":{"rendered":"TCE julga nesta quarta contas de seis prefeituras do Cariri"},"content":{"rendered":"<p>O Tribunal de Contas do Estado re\u00fane-se nesta quarta-feira (25) para apreciar uma pauta de julgamentos com 30 processos, sendo nove de presta\u00e7\u00f5es de contas anuais de prefeituras, referentes ao exerc\u00edcio de 2017. Outros seis processos de contas s\u00e3o de c\u00e2maras municipais, al\u00e9m de recursos, inspe\u00e7\u00e3o especial e verifica\u00e7\u00e3o de cumprimento de decis\u00e3o. A sess\u00e3o come\u00e7a \u00e0s 9h e acontece no Plen\u00e1rio Ministro Jo\u00e3o Agripino Filho.<\/p>\n<p>Em pauta as presta\u00e7\u00f5es de contas das prefeituras de Santa Cec\u00edlia, Princesa Isabel, Congo, S\u00e3o Jos\u00e9 dos Cordeiros, Cabaceiras, Po\u00e7o Dantas, S\u00e3o Jo\u00e3o do Tigre, Pedra Branca, Areia e M\u00e3e D\u2019\u00c1gua, exerc\u00edcios de 2017. Baia da Trai\u00e7\u00e3o, Bom Jesus e Monteiro s\u00e3o relativas a 2016. Monteiro, Zabel\u00ea, Alagoa Nova e Bom Jesus referem-se a 2015, e Montadas e Itaporanga de 2014, esta \u00faltima remanescente de sess\u00e3o anterior, assim como o Recurso de Reconsidera\u00e7\u00e3o interposto pelo ex-prefeito de Esperan\u00e7a, Anderson Monteiro Costa.<\/p>\n<p>O Tribunal examinar\u00e1 as contas apresentadas pelas C\u00e2maras de Vereadores de S\u00e3o Jo\u00e3o do Tigre, Pedra Branca, Areia e M\u00e3e D\u2019\u00c1gua, relativas a 2017. Tamb\u00e9m as de Baia da Trai\u00e7\u00e3o de 2016 e Alagoa Nova de 2015.<\/p>\n<p>Constam na pauta as presta\u00e7\u00f5es de contas da Secretaria de Estado da Juventude Esporte e Lazer, Funda\u00e7\u00e3o Centro Integrado de Apoio ao Portador de Defici\u00eancia e Tribunal de Contas, exerc\u00edcios de 2017. Ainda a Verifica\u00e7\u00e3o de Cumprimento de Decis\u00e3o por parte do prefeito de Monte Horebe, Marcos Eron Nogueira, e do presidente da C\u00e2mara Municipal, Jos\u00e9 Soares de Sousa face decis\u00e3o singular DSPL-TC 00023\/2018, assim como de Inidoneidade em inspe\u00e7\u00e3o especial na Prefeitura de Boa Ventura, em cumprimento ao Ac\u00f3rd\u00e3o APL-TC 00109\/14.<\/p>\n<p>O Tribunal Pleno do TCE-PB re\u00fane-se, ordinariamente, \u00e0s quartas-feiras, a partir das 9 horas, sob a presid\u00eancia do conselheiro Andr\u00e9 Carlo Torres Pontes, com acesso permitido ao p\u00fablico e transmiss\u00f5es ao vivo pela TV TCE-PB (Canal no Youtube).<\/p>\n<p><strong>CARIRI EM A\u00c7\u00c3O<\/strong><\/p>\n<p>Com Ascom \/Foto: Reprodu\u00e7\u00e3o Internet<\/p>\n<p>Leia mais not\u00edcias em\u00a0<a href=\"http:\/\/www.caririemacao.com\/\">caririemacao.com<\/a>, siga nossa p\u00e1gina no\u00a0<a href=\"https:\/\/www.facebook.com\/CaririEmAcao\/?ref=aymt_homepage_panel\">Facebook<\/a>,\u00a0<a href=\"https:\/\/www.instagram.com\/cariri_em_acao\/?hl=pt-br\">Instagram<\/a>\u00a0e <a href=\"https:\/\/www.youtube.com\/channel\/UCAptA0jQuYQy8vMhLt2m4qg\">Youtube<\/a>\u00a0e veja nossas mat\u00e9rias, v\u00eddeos e fotos. Voc\u00ea tamb\u00e9m pode enviar informa\u00e7\u00f5es \u00e0 Reda\u00e7\u00e3o do Portal Cariri em A\u00e7\u00e3o pelo WhatsApp (83) 9 9634.5791, (83) 9 9601-1162.<\/p>\n","protected":false},"excerpt":{"rendered":"<p>O Tribunal de Contas do Estado re\u00fane-se nesta quarta-feira (25) para apreciar uma pauta de julgamentos com 30 processos, sendo nove de presta\u00e7\u00f5es de contas&hellip; <\/p>\n","protected":false},"author":1,"featured_media":39483,"comment_status":"closed","ping_status":"closed","sticky":false,"template":"","format":"standard","meta":{"sfsi_plus_gutenberg_text_before_share":"","sfsi_plus_gutenberg_show_text_before_share":"","sfsi_plus_gutenberg_icon_type":"","sfsi_plus_gutenberg_icon_alignemt":"","sfsi_plus_gutenburg_max_per_row":"","footnotes":""},"categories":[11],"tags":[],"class_list":["post-58651","post","type-post","status-publish","format-standard","has-post-thumbnail","hentry","category-politica"],"_links":{"self":[{"href":"https:\/\/www.caririemacao.com\/1\/wp-json\/wp\/v2\/posts\/58651","targetHints":{"allow":["GET"]}}],"collection":[{"href":"https:\/\/www.caririemacao.com\/1\/wp-json\/wp\/v2\/posts"}],"about":[{"href":"https:\/\/www.caririemacao.com\/1\/wp-json\/wp\/v2\/types\/post"}],"author":[{"embeddable":true,"href":"https:\/\/www.caririemacao.com\/1\/wp-json\/wp\/v2\/users\/1"}],"replies":[{"embeddable":true,"href":"https:\/\/www.caririemacao.com\/1\/wp-json\/wp\/v2\/comments?post=58651"}],"version-history":[{"count":1,"href":"https:\/\/www.caririemacao.com\/1\/wp-json\/wp\/v2\/posts\/58651\/revisions"}],"predecessor-version":[{"id":58652,"href":"https:\/\/www.caririemacao.com\/1\/wp-json\/wp\/v2\/posts\/58651\/revisions\/58652"}],"wp:featuredmedia":[{"embeddable":true,"href":"https:\/\/www.caririemacao.com\/1\/wp-json\/wp\/v2\/media\/39483"}],"wp:attachment":[{"href":"https:\/\/www.caririemacao.com\/1\/wp-json\/wp\/v2\/media?parent=58651"}],"wp:term":[{"taxonomy":"category","embeddable":true,"href":"https:\/\/www.caririemacao.com\/1\/wp-json\/wp\/v2\/categories?post=58651"},{"taxonomy":"post_tag","embeddable":true,"href":"https:\/\/www.caririemacao.com\/1\/wp-json\/wp\/v2\/tags?post=58651"}],"curies":[{"name":"wp","href":"https:\/\/api.w.org\/{rel}","templated":true}]}}