{"id":58656,"date":"2018-07-25T11:06:57","date_gmt":"2018-07-25T14:06:57","guid":{"rendered":"http:\/\/caririemacao.com\/1\/?p=58656"},"modified":"2018-07-25T11:06:57","modified_gmt":"2018-07-25T14:06:57","slug":"zona-rural-de-monteiro-recebera-mais-um-posto-de-saude-nesta-quinta-feira","status":"publish","type":"post","link":"https:\/\/www.caririemacao.com\/1\/2018\/07\/25\/zona-rural-de-monteiro-recebera-mais-um-posto-de-saude-nesta-quinta-feira\/","title":{"rendered":"Zona Rural de Monteiro receber\u00e1 mais um Posto de Sa\u00fade nesta quinta-feira"},"content":{"rendered":"<p>Mantendo os investimentos na \u00e1rea da sa\u00fade, a prefeita Anna Lorena far\u00e1 a entrega de mais uma obra na zona rural do munic\u00edpio. Desta vez a contemplada \u00e9 a comunidade de Ipueira Funda que agora poder\u00e1 usufruir das modernas instala\u00e7\u00f5es com a reforma e amplia\u00e7\u00e3o do Posto de Sa\u00fade \u2013 Jos\u00e9 Rodrigues da Silva.<\/p>\n<p>A solenidade de entrega acontecer\u00e1 nesta quinta-feira, 26, no S\u00edtio Ipueira Funda \u00e0s 16 horas e contar\u00e1 com a presen\u00e7a da prefeita Anna Lorena, vereadores e secret\u00e1rios, assim como a fam\u00edlia do homenageado Jos\u00e9 Rodrigues da Silva e a comunidade em geral.<\/p>\n<p>Com investimentos de cerca de R$ 120 mil, que prov\u00e9m de recursos federais e contrapartida dos cofres p\u00fablicos do munic\u00edpio, a Unidade de Sa\u00fade contar\u00e1 com recep\u00e7\u00e3o, consult\u00f3rios m\u00e9dicos, salas de curativos e de vacinas, consult\u00f3rio odontol\u00f3gico entre outras depend\u00eancias, para que a popula\u00e7\u00e3o da regi\u00e3o possa passar por consultas e quando necess\u00e1rio, ser encaminhada para especialistas.<\/p>\n<p>\u201cEstamos muito felizes em fazer mais esta entrega na \u00e1rea da sa\u00fade. Nossos esfor\u00e7os continuam para que possamos trazer inda mais benef\u00edcios para as comunidades monteirenses. Muito em breve teremos mais inaugura\u00e7\u00f5es e entregas. Vamos continuar lutando para que Monteiro seja sempre uma cidade cada vez melhor. Convido toda a comunidade para participar deste momento t\u00e3o importante\u201d, convida a prefeita Anna Lorena.<\/p>\n<p><strong>CARIRI EM A\u00c7\u00c3O<\/strong><\/p>\n<p>Com Ascom\/Foto:Divulga\u00e7\u00e3o<\/p>\n<p>Leia mais not\u00edcias em\u00a0<a href=\"http:\/\/www.caririemacao.com\/\">caririemacao.com<\/a>, siga nossa p\u00e1gina no\u00a0<a href=\"https:\/\/www.facebook.com\/CaririEmAcao\/?ref=aymt_homepage_panel\">Facebook<\/a>,\u00a0<a href=\"https:\/\/www.instagram.com\/cariri_em_acao\/?hl=pt-br\">Instagram<\/a>\u00a0e <a href=\"https:\/\/www.youtube.com\/channel\/UCAptA0jQuYQy8vMhLt2m4qg\">Youtube<\/a>\u00a0e veja nossas mat\u00e9rias, v\u00eddeos e fotos. Voc\u00ea tamb\u00e9m pode enviar informa\u00e7\u00f5es \u00e0 Reda\u00e7\u00e3o do Portal Cariri em A\u00e7\u00e3o pelo WhatsApp (83) 9 9634.5791, (83) 9 9601-1162.<\/p>\n","protected":false},"excerpt":{"rendered":"<p>Mantendo os investimentos na \u00e1rea da sa\u00fade, a prefeita Anna Lorena far\u00e1 a entrega de mais uma obra na zona rural do munic\u00edpio. Desta vez&hellip; <\/p>\n","protected":false},"author":1,"featured_media":58657,"comment_status":"closed","ping_status":"closed","sticky":false,"template":"","format":"standard","meta":{"sfsi_plus_gutenberg_text_before_share":"","sfsi_plus_gutenberg_show_text_before_share":"","sfsi_plus_gutenberg_icon_type":"","sfsi_plus_gutenberg_icon_alignemt":"","sfsi_plus_gutenburg_max_per_row":"","footnotes":""},"categories":[16],"tags":[],"class_list":["post-58656","post","type-post","status-publish","format-standard","has-post-thumbnail","hentry","category-saude"],"_links":{"self":[{"href":"https:\/\/www.caririemacao.com\/1\/wp-json\/wp\/v2\/posts\/58656","targetHints":{"allow":["GET"]}}],"collection":[{"href":"https:\/\/www.caririemacao.com\/1\/wp-json\/wp\/v2\/posts"}],"about":[{"href":"https:\/\/www.caririemacao.com\/1\/wp-json\/wp\/v2\/types\/post"}],"author":[{"embeddable":true,"href":"https:\/\/www.caririemacao.com\/1\/wp-json\/wp\/v2\/users\/1"}],"replies":[{"embeddable":true,"href":"https:\/\/www.caririemacao.com\/1\/wp-json\/wp\/v2\/comments?post=58656"}],"version-history":[{"count":1,"href":"https:\/\/www.caririemacao.com\/1\/wp-json\/wp\/v2\/posts\/58656\/revisions"}],"predecessor-version":[{"id":58658,"href":"https:\/\/www.caririemacao.com\/1\/wp-json\/wp\/v2\/posts\/58656\/revisions\/58658"}],"wp:featuredmedia":[{"embeddable":true,"href":"https:\/\/www.caririemacao.com\/1\/wp-json\/wp\/v2\/media\/58657"}],"wp:attachment":[{"href":"https:\/\/www.caririemacao.com\/1\/wp-json\/wp\/v2\/media?parent=58656"}],"wp:term":[{"taxonomy":"category","embeddable":true,"href":"https:\/\/www.caririemacao.com\/1\/wp-json\/wp\/v2\/categories?post=58656"},{"taxonomy":"post_tag","embeddable":true,"href":"https:\/\/www.caririemacao.com\/1\/wp-json\/wp\/v2\/tags?post=58656"}],"curies":[{"name":"wp","href":"https:\/\/api.w.org\/{rel}","templated":true}]}}