{"id":58661,"date":"2018-07-25T11:20:28","date_gmt":"2018-07-25T14:20:28","guid":{"rendered":"http:\/\/caririemacao.com\/1\/?p=58661"},"modified":"2018-07-25T11:20:28","modified_gmt":"2018-07-25T14:20:28","slug":"estudo-do-ibope-mostra-que-rejeicao-a-neymar-dobrou-durante-copa","status":"publish","type":"post","link":"https:\/\/www.caririemacao.com\/1\/2018\/07\/25\/estudo-do-ibope-mostra-que-rejeicao-a-neymar-dobrou-durante-copa\/","title":{"rendered":"Estudo do Ibope mostra que rejei\u00e7\u00e3o a Neymar dobrou durante Copa"},"content":{"rendered":"<section class=\"articlebody  \" data-id=\"94\" data-m=\"{&quot;i&quot;:94,&quot;p&quot;:93,&quot;n&quot;:&quot;articlebody&quot;,&quot;y&quot;:6,&quot;o&quot;:1}\">A popularidade de Neymar como influenciador digital sofreu um forte abalo na Copa do Mundo. Pesquisa global realizada pela Kantar Sports, representada pelo Ibope Repucom no Brasil, mostra que o atacante da sele\u00e7\u00e3o brasileira foi assunto em mais de 25 milh\u00f5es de postagens nas redes sociais, somando Facebook, Twitter, Instagram e YouTube, superando Messi (20 milh\u00f5es) e Cristiano Ronaldo (17 milh\u00f5es).<\/p>\n<p>A maioria do conte\u00fado, por\u00e9m, tinha teor negativo. O estudo analisou publica\u00e7\u00f5es entre 1\u00ba de junho, duas semanas antes da abertura da Copa da R\u00fassia, e 18 de julho, tr\u00eas dias ap\u00f3s a final.<\/p>\n<p>Na v\u00e9spera da estreia do Brasil, diante da Su\u00ed\u00e7a, Neymar tinha 28% de cita\u00e7\u00f5es negativas nas m\u00eddias sociais, mas o \u00edndice mais que dobrou a partir do primeiro jogo (61%) e chegou ao \u00e1pice (68%) at\u00e9 o dia seguinte \u00e0 elimina\u00e7\u00e3o no torneio, para a B\u00e9lgica, nas quartas de final.<\/p>\n<p>At\u00e9 entrar em campo, o camisa 10 da sele\u00e7\u00e3o recebia mais coment\u00e1rios neutros (51%) do que depreciativos. Os elogios, antes englobados em 21% das postagens, despencaram para 1% no per\u00edodo de medi\u00e7\u00e3o.<\/p>\n<p>De modo geral, a cada cem coment\u00e1rios sobre Neymar nas redes sociais ap\u00f3s a derrota para os belgas, apenas um era positivo.<\/p>\n<p>Em artigo vinculado \u00e0 pesquisa, publicada nesta ter\u00e7a-feira (24), o diretor do Ibope Repucom, Jos\u00e9 Colagrossi, explica que, &#8220;em m\u00e9dia, mais de 90% deste volume total de coment\u00e1rios negativos s\u00e3o piadas e memes, e foram classificados como negativos pela possibilidade de impacto em sua imagem devido \u00e0 sua conduta em campo (tema discutido em todos os pa\u00edses analisados) e n\u00e3o por sua qualidade t\u00e9cnica&#8221;.<\/p>\n<p>As redes sociais, ent\u00e3o, foram o reflexo da antipatia que Neymar gerou entre f\u00e3s e opini\u00e3o p\u00fablica por conta das rea\u00e7\u00f5es exageradas em campo diante da marca\u00e7\u00e3o dos advers\u00e1rios.<\/p>\n<p>\u00cddolos do futebol, como o alem\u00e3o Lothar Matthaus, o ingl\u00eas Gary Lineker e o franc\u00eas Eric Cantona, engrossaram o coro no r\u00f3tulo de cai-cai que impregnou no astro do Paris Saint-Germain durante e ap\u00f3s a Copa.<\/p>\n<p>A frustra\u00e7\u00e3o com a campanha da sele\u00e7\u00e3o, que buscava o sexto t\u00edtulo mundial na R\u00fassia, tamb\u00e9m ajuda a potencializar as cr\u00edticas.<\/p>\n<p>Na Copa, Neymar foi bastante presente no ataque, mas pouco efetivo. Anotou dois gols na competi\u00e7\u00e3o, contra Costa Rica e M\u00e9xico.<\/p>\n<p>Coincid\u00eancia ou n\u00e3o, Neymar n\u00e3o ficou entre os dez selecionados para disputar o The Best, premia\u00e7\u00e3o da Fifa ao melhor jogador da temporada &#8211; a entidade divulgou os nomes dos concorrentes nesta ter\u00e7a.<\/p>\n<p>O levantamento listou os dez pa\u00edses em que Neymar mais recebeu cita\u00e7\u00f5es negativas. O Brasil lidera, seguido de Estados Unidos, M\u00e9xico, Fran\u00e7a, Reino Unido, Espanha, Portugal, Argentina, Col\u00f4mbia e Chile.<\/p>\n<p>Aqui cabem duas observa\u00e7\u00f5es. Os franceses formam o principal mercado do jogador, contratado h\u00e1 um ano pelo Paris Saint-Germain por 222 milh\u00f5es de euros (cerca de R$ 970 milh\u00f5es na cota\u00e7\u00e3o atual).<\/p>\n<p>Em sua primeira temporada no pa\u00eds, Neymar sofreu les\u00e3o, ficou tr\u00eas meses sem jogar e teve atritos com o atacante Cavani e o t\u00e9cnico Unai Emery, mas foi eleito o melhor jogador do Campeonato Franc\u00eas.<\/p>\n<p>Com os mexicanos, os \u00e2nimos se acirraram no confronto pelas oitavas de final da Copa, em que Neymar se envolveu em epis\u00f3dio com Layun, que pisou na perna do brasileiro fora de campo, mas a arbitragem nada marcou. No entanto, a rea\u00e7\u00e3o do atacante ao lance passou a impress\u00e3o de exagero e at\u00e9 de simula\u00e7\u00e3o.<\/p>\n<p>Celebridade digital Neymar \u00e9 uma das poucas personalidades que conseguem alcance global por meio das redes sociais. Ainda que tenha recebido uma avalanche de coment\u00e1rios negativos, a Copa do Mundo o ajudou a ganhar mais 6,8 milh\u00f5es de seguidores.<\/p>\n<p>Atualmente, mais de 200 milh\u00f5es de pessoas acompanham as postagens nos perfis do atacante nas quatro principais m\u00eddias &#8211;\u00a0Facebook, Instagram, Twitter e Youtube. Somente no Instagram, \u00fanica rede administrada pelo pr\u00f3prio jogador, ele \u00e9 o \u00fanico brasileiro a ultrapassar a marca de 100 milh\u00f5es de seguidores.<\/p>\n<p>No Mundial da R\u00fassia, ele foi o jogador mais comentado do campeonato entre os usu\u00e1rios do Twitter.<\/p>\n<p><strong>CARIRI EM A\u00c7\u00c3O<\/strong><\/p>\n<p>Com Folhapress \/Foto: Reprodu\u00e7\u00e3o Internet<\/p>\n<p>Leia mais not\u00edcias em\u00a0<a href=\"http:\/\/www.caririemacao.com\/\">caririemacao.com<\/a>, siga nossa p\u00e1gina no\u00a0<a href=\"https:\/\/www.facebook.com\/CaririEmAcao\/?ref=aymt_homepage_panel\">Facebook<\/a>,\u00a0<a href=\"https:\/\/www.instagram.com\/cariri_em_acao\/?hl=pt-br\">Instagram<\/a>\u00a0e <a href=\"https:\/\/www.youtube.com\/channel\/UCAptA0jQuYQy8vMhLt2m4qg\">Youtube<\/a>\u00a0e veja nossas mat\u00e9rias, v\u00eddeos e fotos. Voc\u00ea tamb\u00e9m pode enviar informa\u00e7\u00f5es \u00e0 Reda\u00e7\u00e3o do Portal Cariri em A\u00e7\u00e3o pelo WhatsApp (83) 9 9634.5791, (83) 9 9601-1162.<\/p>\n<\/section>\n","protected":false},"excerpt":{"rendered":"<p>A popularidade de Neymar como influenciador digital sofreu um forte abalo na Copa do Mundo. Pesquisa global realizada pela Kantar Sports, representada pelo Ibope Repucom&hellip; <\/p>\n","protected":false},"author":1,"featured_media":58662,"comment_status":"closed","ping_status":"closed","sticky":false,"template":"","format":"standard","meta":{"sfsi_plus_gutenberg_text_before_share":"","sfsi_plus_gutenberg_show_text_before_share":"","sfsi_plus_gutenberg_icon_type":"","sfsi_plus_gutenberg_icon_alignemt":"","sfsi_plus_gutenburg_max_per_row":"","footnotes":""},"categories":[13],"tags":[],"class_list":["post-58661","post","type-post","status-publish","format-standard","has-post-thumbnail","hentry","category-esportes"],"_links":{"self":[{"href":"https:\/\/www.caririemacao.com\/1\/wp-json\/wp\/v2\/posts\/58661","targetHints":{"allow":["GET"]}}],"collection":[{"href":"https:\/\/www.caririemacao.com\/1\/wp-json\/wp\/v2\/posts"}],"about":[{"href":"https:\/\/www.caririemacao.com\/1\/wp-json\/wp\/v2\/types\/post"}],"author":[{"embeddable":true,"href":"https:\/\/www.caririemacao.com\/1\/wp-json\/wp\/v2\/users\/1"}],"replies":[{"embeddable":true,"href":"https:\/\/www.caririemacao.com\/1\/wp-json\/wp\/v2\/comments?post=58661"}],"version-history":[{"count":1,"href":"https:\/\/www.caririemacao.com\/1\/wp-json\/wp\/v2\/posts\/58661\/revisions"}],"predecessor-version":[{"id":58663,"href":"https:\/\/www.caririemacao.com\/1\/wp-json\/wp\/v2\/posts\/58661\/revisions\/58663"}],"wp:featuredmedia":[{"embeddable":true,"href":"https:\/\/www.caririemacao.com\/1\/wp-json\/wp\/v2\/media\/58662"}],"wp:attachment":[{"href":"https:\/\/www.caririemacao.com\/1\/wp-json\/wp\/v2\/media?parent=58661"}],"wp:term":[{"taxonomy":"category","embeddable":true,"href":"https:\/\/www.caririemacao.com\/1\/wp-json\/wp\/v2\/categories?post=58661"},{"taxonomy":"post_tag","embeddable":true,"href":"https:\/\/www.caririemacao.com\/1\/wp-json\/wp\/v2\/tags?post=58661"}],"curies":[{"name":"wp","href":"https:\/\/api.w.org\/{rel}","templated":true}]}}