{"id":58664,"date":"2018-07-25T11:25:56","date_gmt":"2018-07-25T14:25:56","guid":{"rendered":"http:\/\/caririemacao.com\/1\/?p=58664"},"modified":"2018-07-25T11:25:56","modified_gmt":"2018-07-25T14:25:56","slug":"policia-investiga-rede-de-pedofilia-em-caso-da-mae-que-estuprou-filho","status":"publish","type":"post","link":"https:\/\/www.caririemacao.com\/1\/2018\/07\/25\/policia-investiga-rede-de-pedofilia-em-caso-da-mae-que-estuprou-filho\/","title":{"rendered":"Pol\u00edcia investiga rede de pedofilia em caso da m\u00e3e que estuprou filho"},"content":{"rendered":"<p>A Pol\u00edcia Civil est\u00e1 investigando se existe uma rede interestadual de pedofilia envolvida no caso da mulher de 19 anos que estuprou o pr\u00f3prio filho, de apenas 4 anos de idade na cidade de Areia, no Brejo paraibano, distante 136 quil\u00f4metros de Jo\u00e3o Pessoa. O caso veio \u00e0 tona nessa segunda-feira (23) porque um morador reconheceu os envolvidos e comunicou o fato ao Conselho Tutelar da cidade. O abuso aconteceu quando a crian\u00e7a ainda tinha 3 anos.<\/p>\n<p>A suspeita do envolvimento de uma rede de pedofilia \u00e9 uma das linhas de investiga\u00e7\u00e3o justamente porque a m\u00e3e do menino confessou que filmava os abusos e enviava dos v\u00eddeos para um suposto namorado que ela teria conhecido na internet. As imagens mostram a mulher praticando atos libidinosos com o filho.<\/p>\n<p>A pol\u00edcia j\u00e1 tem a identifica\u00e7\u00e3o do homem, que mora no estado de S\u00e3o Paulo, mas o nome n\u00e3o ser\u00e1 divulgado, por enquanto, para n\u00e3o atrapalhar as investiga\u00e7\u00f5es.<\/p>\n<p>A suspeita, identificada como Fernanda Soares da Silva, foi presa nessa ter\u00e7a-feira (24) e confessou o crime para a delegada Simone Rosemberg, alegando que fez o v\u00eddeo a pedido de um homem que conheceu na internet.<\/p>\n<p>No depoimento, a acusada disse que foi v\u00edtima de chantagem, para gravar outras imagens. \u201cEm outro momento ela disse que essa foi a \u00fanica vez que abusou do filho, mas h\u00e1 suspeita de que n\u00e3o tenha sido um fato isolado, o que vamos investigar. J\u00e1 o homem ser\u00e1 investigado para apurar se ele est\u00e1 envolvido em uma rede de pedofilia\u201d, destacou a delegada.<\/p>\n<p>Fernanda n\u00e3o tinha passagem pela pol\u00edcia e foi indiciada pelo crime de estupro de vulner\u00e1vel, cuja pena varia de 8 a 15 anos de pris\u00e3o. A crian\u00e7a foi levada para fazer exames no Instituto de Pol\u00edcia Cient\u00edfica de Campina Grande (IPC\/CG), embora o v\u00eddeo j\u00e1 seja uma prova v\u00e1lida da pr\u00e1tica do crime, para a instru\u00e7\u00e3o do processo.<\/p>\n<p><strong>Casos<\/strong><\/p>\n<p>A Para\u00edba registrou 2.604 viola\u00e7\u00f5es de direitos contra crian\u00e7as e adolescentes no per\u00edodo de janeiro a maio deste ano, conforme dados da Secretaria de Estado do Desenvolvimento Humano (SEDH). Deste total, foram contabilizados 452 casos de abuso sexual, o que corresponde a 17% das viola\u00e7\u00f5es.<\/p>\n<p>Em todo o estado, Campina Grande foi a cidade que apresentou o maior n\u00famero de viola\u00e7\u00f5es de direitos contra crian\u00e7as e adolescentes, com 359 ocorr\u00eancias. J\u00e1 Capital registrou 102 viola\u00e7\u00f5es, ocupando o quarto lugar. Os dados, contudo, n\u00e3o retratam a realidade, uma vez que, por medo ou vergonha, s\u00e3o poucas as v\u00edtimas que denunciam.<\/p>\n<p><strong>CARIRI EM A\u00c7\u00c3O<\/strong><\/p>\n<p>Com Correio da Para\u00edba\/Foto: Reprodu\u00e7\u00e3o Internet<\/p>\n<p>Leia mais not\u00edcias em\u00a0<a href=\"http:\/\/www.caririemacao.com\/\">caririemacao.com<\/a>, siga nossa p\u00e1gina no\u00a0<a href=\"https:\/\/www.facebook.com\/CaririEmAcao\/?ref=aymt_homepage_panel\">Facebook<\/a>,\u00a0<a href=\"https:\/\/www.instagram.com\/cariri_em_acao\/?hl=pt-br\">Instagram<\/a>\u00a0e <a href=\"https:\/\/www.youtube.com\/channel\/UCAptA0jQuYQy8vMhLt2m4qg\">Youtube<\/a>\u00a0e veja nossas mat\u00e9rias, v\u00eddeos e fotos. Voc\u00ea tamb\u00e9m pode enviar informa\u00e7\u00f5es \u00e0 Reda\u00e7\u00e3o do Portal Cariri em A\u00e7\u00e3o pelo WhatsApp (83) 9 9634.5791, (83) 9 9601-1162.<\/p>\n","protected":false},"excerpt":{"rendered":"<p>A Pol\u00edcia Civil est\u00e1 investigando se existe uma rede interestadual de pedofilia envolvida no caso da mulher de 19 anos que estuprou o pr\u00f3prio filho,&hellip; <\/p>\n","protected":false},"author":1,"featured_media":58526,"comment_status":"closed","ping_status":"closed","sticky":false,"template":"","format":"standard","meta":{"sfsi_plus_gutenberg_text_before_share":"","sfsi_plus_gutenberg_show_text_before_share":"","sfsi_plus_gutenberg_icon_type":"","sfsi_plus_gutenberg_icon_alignemt":"","sfsi_plus_gutenburg_max_per_row":"","footnotes":""},"categories":[12],"tags":[],"class_list":["post-58664","post","type-post","status-publish","format-standard","has-post-thumbnail","hentry","category-policia"],"_links":{"self":[{"href":"https:\/\/www.caririemacao.com\/1\/wp-json\/wp\/v2\/posts\/58664","targetHints":{"allow":["GET"]}}],"collection":[{"href":"https:\/\/www.caririemacao.com\/1\/wp-json\/wp\/v2\/posts"}],"about":[{"href":"https:\/\/www.caririemacao.com\/1\/wp-json\/wp\/v2\/types\/post"}],"author":[{"embeddable":true,"href":"https:\/\/www.caririemacao.com\/1\/wp-json\/wp\/v2\/users\/1"}],"replies":[{"embeddable":true,"href":"https:\/\/www.caririemacao.com\/1\/wp-json\/wp\/v2\/comments?post=58664"}],"version-history":[{"count":1,"href":"https:\/\/www.caririemacao.com\/1\/wp-json\/wp\/v2\/posts\/58664\/revisions"}],"predecessor-version":[{"id":58665,"href":"https:\/\/www.caririemacao.com\/1\/wp-json\/wp\/v2\/posts\/58664\/revisions\/58665"}],"wp:featuredmedia":[{"embeddable":true,"href":"https:\/\/www.caririemacao.com\/1\/wp-json\/wp\/v2\/media\/58526"}],"wp:attachment":[{"href":"https:\/\/www.caririemacao.com\/1\/wp-json\/wp\/v2\/media?parent=58664"}],"wp:term":[{"taxonomy":"category","embeddable":true,"href":"https:\/\/www.caririemacao.com\/1\/wp-json\/wp\/v2\/categories?post=58664"},{"taxonomy":"post_tag","embeddable":true,"href":"https:\/\/www.caririemacao.com\/1\/wp-json\/wp\/v2\/tags?post=58664"}],"curies":[{"name":"wp","href":"https:\/\/api.w.org\/{rel}","templated":true}]}}