{"id":58666,"date":"2018-07-25T11:28:39","date_gmt":"2018-07-25T14:28:39","guid":{"rendered":"http:\/\/caririemacao.com\/1\/?p=58666"},"modified":"2018-07-25T11:28:39","modified_gmt":"2018-07-25T14:28:39","slug":"tre-pb-lanca-cartilha-sobre-propaganda-eleitoral-para-profissionais-da-imprensa","status":"publish","type":"post","link":"https:\/\/www.caririemacao.com\/1\/2018\/07\/25\/tre-pb-lanca-cartilha-sobre-propaganda-eleitoral-para-profissionais-da-imprensa\/","title":{"rendered":"TRE-PB lan\u00e7a cartilha sobre propaganda eleitoral para profissionais da imprensa"},"content":{"rendered":"<p>O Tribunal Regional Eleitoral da Para\u00edba (TRE-PB) lan\u00e7a, nesta quarta-feira (25), \u00e0s 17h, Cartilha \u201cPropaganda Eleitoral\u201d, na sala de sess\u00f5es do edif\u00edcio-sede do TRE-PB, localizado na Avenida Princesa Isabel, no bairro de Tambi\u00e1, em Jo\u00e3o Pessoa.<\/p>\n<p>A cartilha da propaganda eleitoral para elei\u00e7\u00f5es 2018 traz os principais pontos sobre a propaganda eleitoral, entre os destaques est\u00e3o propagandas permitidas\/proibidas, crimes eleitorais, condutas vedadas aos agentes p\u00fablicos, entre outros temas.<\/p>\n<p>\u201cTentamos resumir a Lei das Elei\u00e7\u00f5es e a Resolu\u00e7\u00e3o n\u00ba23.551 do Tribunal Superior Eleitoral (TSE) sobre Propaganda Eleitoral, que \u00e9 uma legisla\u00e7\u00e3o muito densa. A inten\u00e7\u00e3o da Corregedoria \u00e9 tornar a legisla\u00e7\u00e3o mais f\u00e1cil de ser compreendida pelos candidatos, partidos pol\u00edticos, profissionais da imprensa e para o cidad\u00e3o em geral\u201d, explicou a Coordenadora da Corregedoria Regional Eleitoral da Para\u00edba, Vanessa do Egypto, que atuou na elabora\u00e7\u00e3o da cartilha.<\/p>\n<p>Na ocasi\u00e3o, o Corregedor Regional Eleitoral da Para\u00edba far\u00e1 a abertura do evento e d\u00favidas poder\u00e3o ser dirimidas sobre o assunto.<\/p>\n<p><strong>CARIRI EM A\u00c7\u00c3O<\/strong><\/p>\n<p>Com Portal Correio\/Foto: Reprodu\u00e7\u00e3o Internet<\/p>\n<p>Leia mais not\u00edcias em\u00a0<a href=\"http:\/\/www.caririemacao.com\/\">caririemacao.com<\/a>, siga nossa p\u00e1gina no\u00a0<a href=\"https:\/\/www.facebook.com\/CaririEmAcao\/?ref=aymt_homepage_panel\">Facebook<\/a>,\u00a0<a href=\"https:\/\/www.instagram.com\/cariri_em_acao\/?hl=pt-br\">Instagram<\/a>\u00a0e <a href=\"https:\/\/www.youtube.com\/channel\/UCAptA0jQuYQy8vMhLt2m4qg\">Youtube<\/a>\u00a0e veja nossas mat\u00e9rias, v\u00eddeos e fotos. Voc\u00ea tamb\u00e9m pode enviar informa\u00e7\u00f5es \u00e0 Reda\u00e7\u00e3o do Portal Cariri em A\u00e7\u00e3o pelo WhatsApp (83) 9 9634.5791, (83) 9 9601-1162.<\/p>\n","protected":false},"excerpt":{"rendered":"<p>O Tribunal Regional Eleitoral da Para\u00edba (TRE-PB) lan\u00e7a, nesta quarta-feira (25), \u00e0s 17h, Cartilha \u201cPropaganda Eleitoral\u201d, na sala de sess\u00f5es do edif\u00edcio-sede do TRE-PB, localizado&hellip; <\/p>\n","protected":false},"author":1,"featured_media":50394,"comment_status":"closed","ping_status":"closed","sticky":false,"template":"","format":"standard","meta":{"sfsi_plus_gutenberg_text_before_share":"","sfsi_plus_gutenberg_show_text_before_share":"","sfsi_plus_gutenberg_icon_type":"","sfsi_plus_gutenberg_icon_alignemt":"","sfsi_plus_gutenburg_max_per_row":"","footnotes":""},"categories":[11],"tags":[],"class_list":["post-58666","post","type-post","status-publish","format-standard","has-post-thumbnail","hentry","category-politica"],"_links":{"self":[{"href":"https:\/\/www.caririemacao.com\/1\/wp-json\/wp\/v2\/posts\/58666","targetHints":{"allow":["GET"]}}],"collection":[{"href":"https:\/\/www.caririemacao.com\/1\/wp-json\/wp\/v2\/posts"}],"about":[{"href":"https:\/\/www.caririemacao.com\/1\/wp-json\/wp\/v2\/types\/post"}],"author":[{"embeddable":true,"href":"https:\/\/www.caririemacao.com\/1\/wp-json\/wp\/v2\/users\/1"}],"replies":[{"embeddable":true,"href":"https:\/\/www.caririemacao.com\/1\/wp-json\/wp\/v2\/comments?post=58666"}],"version-history":[{"count":1,"href":"https:\/\/www.caririemacao.com\/1\/wp-json\/wp\/v2\/posts\/58666\/revisions"}],"predecessor-version":[{"id":58667,"href":"https:\/\/www.caririemacao.com\/1\/wp-json\/wp\/v2\/posts\/58666\/revisions\/58667"}],"wp:featuredmedia":[{"embeddable":true,"href":"https:\/\/www.caririemacao.com\/1\/wp-json\/wp\/v2\/media\/50394"}],"wp:attachment":[{"href":"https:\/\/www.caririemacao.com\/1\/wp-json\/wp\/v2\/media?parent=58666"}],"wp:term":[{"taxonomy":"category","embeddable":true,"href":"https:\/\/www.caririemacao.com\/1\/wp-json\/wp\/v2\/categories?post=58666"},{"taxonomy":"post_tag","embeddable":true,"href":"https:\/\/www.caririemacao.com\/1\/wp-json\/wp\/v2\/tags?post=58666"}],"curies":[{"name":"wp","href":"https:\/\/api.w.org\/{rel}","templated":true}]}}