{"id":58682,"date":"2018-07-25T11:56:48","date_gmt":"2018-07-25T14:56:48","guid":{"rendered":"http:\/\/caririemacao.com\/1\/?p=58682"},"modified":"2018-07-25T11:56:48","modified_gmt":"2018-07-25T14:56:48","slug":"diversas-atividades-foram-realizadas-na-escola-juvenal-f-de-brito-atraves-do-programa-saude-na-escola","status":"publish","type":"post","link":"https:\/\/www.caririemacao.com\/1\/2018\/07\/25\/diversas-atividades-foram-realizadas-na-escola-juvenal-f-de-brito-atraves-do-programa-saude-na-escola\/","title":{"rendered":"Diversas atividades foram realizadas na Escola Juvenal F. de Brito atrav\u00e9s do Programa Sa\u00fade na Escola"},"content":{"rendered":"<p><span style=\"font-weight: 400;\">Programa Sa\u00fade na Escola esteve na Zona Rural de Amparo nesta segunda-feira (23), na Escola Juvenal Ferreira de Brito fazendo triagem com os educandos da Escola. L\u00e1 foram realizados exames de acuidade visual, exame bucal, aferi\u00e7\u00e3o de press\u00e3o arterial, antropometria (peso e altura) e exame corporal (busca ativa de manchas).<\/span><\/p>\n<p style=\"font-weight: 400;\">Toda equipe da Sa\u00fade de Amparo esteve presente com atividades extra UBS como palestras, verificaram press\u00e3o arterial, \u00edndice de c\u00e1rie, pesagem etc. Essas atividades s\u00e3o preconizadas pelo Minist\u00e9rio da Sa\u00fade e tamb\u00e9m para avalia\u00e7\u00e3o do PMAQ.<\/p>\n<p style=\"font-weight: 400;\">A articula\u00e7\u00e3o entre Escola e Rede B\u00e1sica de Sa\u00fade \u00e9 \u00e0 base do Programa Sa\u00fade na Escola. O PSE \u00e9 uma estrat\u00e9gia de integra\u00e7\u00e3o da sa\u00fade e educa\u00e7\u00e3o para o desenvolvimento da cidadania e da qualifica\u00e7\u00e3o das pol\u00edticas p\u00fablicas brasileiras.<\/p>\n<p><strong>CARIRI EM A\u00c7\u00c3O<\/strong><\/p>\n<p>Com Amparo Ligado\/Foto: Reprodu\u00e7\u00e3o<\/p>\n<p>Leia mais not\u00edcias em\u00a0<a href=\"http:\/\/www.caririemacao.com\/\">caririemacao.com<\/a>, siga nossa p\u00e1gina no\u00a0<a href=\"https:\/\/www.facebook.com\/CaririEmAcao\/?ref=aymt_homepage_panel\">Facebook<\/a>,\u00a0<a href=\"https:\/\/www.instagram.com\/cariri_em_acao\/?hl=pt-br\">Instagram<\/a>\u00a0e <a href=\"https:\/\/www.youtube.com\/channel\/UCAptA0jQuYQy8vMhLt2m4qg\">Youtube<\/a>\u00a0e veja nossas mat\u00e9rias, v\u00eddeos e fotos. Voc\u00ea tamb\u00e9m pode enviar informa\u00e7\u00f5es \u00e0 Reda\u00e7\u00e3o do Portal Cariri em A\u00e7\u00e3o pelo WhatsApp (83) 9 9634.5791, (83) 9 9601-1162.<\/p>\n","protected":false},"excerpt":{"rendered":"<p>Programa Sa\u00fade na Escola esteve na Zona Rural de Amparo nesta segunda-feira (23), na Escola Juvenal Ferreira de Brito fazendo triagem com os educandos da&hellip; <\/p>\n","protected":false},"author":1,"featured_media":58683,"comment_status":"closed","ping_status":"closed","sticky":false,"template":"","format":"standard","meta":{"sfsi_plus_gutenberg_text_before_share":"","sfsi_plus_gutenberg_show_text_before_share":"","sfsi_plus_gutenberg_icon_type":"","sfsi_plus_gutenberg_icon_alignemt":"","sfsi_plus_gutenburg_max_per_row":"","footnotes":""},"categories":[14],"tags":[],"class_list":["post-58682","post","type-post","status-publish","format-standard","has-post-thumbnail","hentry","category-educacao"],"_links":{"self":[{"href":"https:\/\/www.caririemacao.com\/1\/wp-json\/wp\/v2\/posts\/58682","targetHints":{"allow":["GET"]}}],"collection":[{"href":"https:\/\/www.caririemacao.com\/1\/wp-json\/wp\/v2\/posts"}],"about":[{"href":"https:\/\/www.caririemacao.com\/1\/wp-json\/wp\/v2\/types\/post"}],"author":[{"embeddable":true,"href":"https:\/\/www.caririemacao.com\/1\/wp-json\/wp\/v2\/users\/1"}],"replies":[{"embeddable":true,"href":"https:\/\/www.caririemacao.com\/1\/wp-json\/wp\/v2\/comments?post=58682"}],"version-history":[{"count":1,"href":"https:\/\/www.caririemacao.com\/1\/wp-json\/wp\/v2\/posts\/58682\/revisions"}],"predecessor-version":[{"id":58684,"href":"https:\/\/www.caririemacao.com\/1\/wp-json\/wp\/v2\/posts\/58682\/revisions\/58684"}],"wp:featuredmedia":[{"embeddable":true,"href":"https:\/\/www.caririemacao.com\/1\/wp-json\/wp\/v2\/media\/58683"}],"wp:attachment":[{"href":"https:\/\/www.caririemacao.com\/1\/wp-json\/wp\/v2\/media?parent=58682"}],"wp:term":[{"taxonomy":"category","embeddable":true,"href":"https:\/\/www.caririemacao.com\/1\/wp-json\/wp\/v2\/categories?post=58682"},{"taxonomy":"post_tag","embeddable":true,"href":"https:\/\/www.caririemacao.com\/1\/wp-json\/wp\/v2\/tags?post=58682"}],"curies":[{"name":"wp","href":"https:\/\/api.w.org\/{rel}","templated":true}]}}