{"id":58685,"date":"2018-07-25T12:00:28","date_gmt":"2018-07-25T15:00:28","guid":{"rendered":"http:\/\/caririemacao.com\/1\/?p=58685"},"modified":"2018-07-25T12:00:28","modified_gmt":"2018-07-25T15:00:28","slug":"secretaria-de-assistencia-social-de-amparo-realizou-reuniao-com-beneficiarios-do-programa-bolsa-familia-no-municipio","status":"publish","type":"post","link":"https:\/\/www.caririemacao.com\/1\/2018\/07\/25\/secretaria-de-assistencia-social-de-amparo-realizou-reuniao-com-beneficiarios-do-programa-bolsa-familia-no-municipio\/","title":{"rendered":"Secretaria de Assist\u00eancia Social de Amparo realizou reuni\u00e3o com Benefici\u00e1rios do Programa Bolsa Fam\u00edlia no munic\u00edpio"},"content":{"rendered":"<p style=\"font-weight: 400;\">A Prefeitura Municipal de Amparo atrav\u00e9s da Secretaria Municipal de Assist\u00eancia Social realizou uma importante reuni\u00e3o na manh\u00e3 desta ter\u00e7a-feira (24) com todas as Fam\u00edlias que recebem o Programa bolsa Fam\u00edlia no munic\u00edpio de Amparo. A reuni\u00e3o foi realizada na sede do CRAS no munic\u00edpio.<\/p>\n<p style=\"font-weight: 400;\">A reuni\u00e3o contou com a participa\u00e7\u00e3o aproximadamente 100 pessoas, que puderam esclarecer suas d\u00favidas quanto aos assuntos abordados pela Assistente Social Cilene Macedo, pelo T\u00e9cnico em Programas Sociais Neto, pelo Coordenador do Programa Bolsa Fam\u00edlia no munic\u00edpio Wales Fernandes e pela Secret\u00e1ria de Assist\u00eancia Social Cleide N\u00f3brega. Tamb\u00e9m estiveram presentes na reuni\u00e3o o Coordenador do Programa Bolsa Fam\u00edlia Edemir e toda equipe do CRAS e do Servi\u00e7o de Conviv\u00eancia e Fortalecimento de V\u00ednculos.<\/p>\n<p style=\"font-weight: 400;\">Segundo Neto, o objetivo do encontro \u00e9 prestar informa\u00e7\u00f5es sobre o Programa, o servi\u00e7o do Cadastro \u00danico, atualiza\u00e7\u00e3o cadastral, o cumprimento das condicionalidades exigidas pelo programa. Al\u00e9m de fornecer informa\u00e7\u00f5es sobre as atividades desenvolvidas no CRAS (Centro de Referencia de Assist\u00eancia Social).<\/p>\n<p style=\"font-weight: 400;\">A secretaria de Assist\u00eancia Social lembrou os compromissos que os benefici\u00e1rios devem honrar com o poder p\u00fablico em diversas \u00e1reas para continuar participando do programa. Entre as condicionalidades do Bolsa Fam\u00edlia, est\u00e3o o compromisso de acompanhar o cart\u00e3o de vacina\u00e7\u00e3o e a sa\u00fade, crescimento e desenvolvimento das crian\u00e7as, todos que se enquadram na faixa et\u00e1ria do programa devem estar devidamente matriculados e com boa frequ\u00eancia escolar mensal, participa\u00e7\u00e3o em programas sociais no munic\u00edpio.<\/p>\n<p style=\"font-weight: 400;\">Durante a reuni\u00e3o, surgiram v\u00e1rios questionamentos por parte da popula\u00e7\u00e3o, no que se refere ao transporte para pegar os filhos, local das atividades desenvolvidas, cuidados com as crian\u00e7as entre outros, sendo ent\u00e3o esclarecidas as diversas d\u00favidas.<\/p>\n<p><strong>CARIRI EM A\u00c7\u00c3O<\/strong><\/p>\n<p>Com Amparo Ligado\/Foto: Reprodu\u00e7\u00e3o<\/p>\n<p>Leia mais not\u00edcias em\u00a0<a href=\"http:\/\/www.caririemacao.com\/\">caririemacao.com<\/a>, siga nossa p\u00e1gina no\u00a0<a href=\"https:\/\/www.facebook.com\/CaririEmAcao\/?ref=aymt_homepage_panel\">Facebook<\/a>,\u00a0<a href=\"https:\/\/www.instagram.com\/cariri_em_acao\/?hl=pt-br\">Instagram<\/a>\u00a0e <a href=\"https:\/\/www.youtube.com\/channel\/UCAptA0jQuYQy8vMhLt2m4qg\">Youtube<\/a>\u00a0e veja nossas mat\u00e9rias, v\u00eddeos e fotos. Voc\u00ea tamb\u00e9m pode enviar informa\u00e7\u00f5es \u00e0 Reda\u00e7\u00e3o do Portal Cariri em A\u00e7\u00e3o pelo WhatsApp (83) 9 9634.5791, (83) 9 9601-1162.<\/p>\n","protected":false},"excerpt":{"rendered":"<p>A Prefeitura Municipal de Amparo atrav\u00e9s da Secretaria Municipal de Assist\u00eancia Social realizou uma importante reuni\u00e3o na manh\u00e3 desta ter\u00e7a-feira (24) com todas as Fam\u00edlias&hellip; <\/p>\n","protected":false},"author":1,"featured_media":58686,"comment_status":"closed","ping_status":"closed","sticky":false,"template":"","format":"standard","meta":{"sfsi_plus_gutenberg_text_before_share":"","sfsi_plus_gutenberg_show_text_before_share":"","sfsi_plus_gutenberg_icon_type":"","sfsi_plus_gutenberg_icon_alignemt":"","sfsi_plus_gutenburg_max_per_row":"","footnotes":""},"categories":[1],"tags":[],"class_list":["post-58685","post","type-post","status-publish","format-standard","has-post-thumbnail","hentry","category-o-site"],"_links":{"self":[{"href":"https:\/\/www.caririemacao.com\/1\/wp-json\/wp\/v2\/posts\/58685","targetHints":{"allow":["GET"]}}],"collection":[{"href":"https:\/\/www.caririemacao.com\/1\/wp-json\/wp\/v2\/posts"}],"about":[{"href":"https:\/\/www.caririemacao.com\/1\/wp-json\/wp\/v2\/types\/post"}],"author":[{"embeddable":true,"href":"https:\/\/www.caririemacao.com\/1\/wp-json\/wp\/v2\/users\/1"}],"replies":[{"embeddable":true,"href":"https:\/\/www.caririemacao.com\/1\/wp-json\/wp\/v2\/comments?post=58685"}],"version-history":[{"count":1,"href":"https:\/\/www.caririemacao.com\/1\/wp-json\/wp\/v2\/posts\/58685\/revisions"}],"predecessor-version":[{"id":58687,"href":"https:\/\/www.caririemacao.com\/1\/wp-json\/wp\/v2\/posts\/58685\/revisions\/58687"}],"wp:featuredmedia":[{"embeddable":true,"href":"https:\/\/www.caririemacao.com\/1\/wp-json\/wp\/v2\/media\/58686"}],"wp:attachment":[{"href":"https:\/\/www.caririemacao.com\/1\/wp-json\/wp\/v2\/media?parent=58685"}],"wp:term":[{"taxonomy":"category","embeddable":true,"href":"https:\/\/www.caririemacao.com\/1\/wp-json\/wp\/v2\/categories?post=58685"},{"taxonomy":"post_tag","embeddable":true,"href":"https:\/\/www.caririemacao.com\/1\/wp-json\/wp\/v2\/tags?post=58685"}],"curies":[{"name":"wp","href":"https:\/\/api.w.org\/{rel}","templated":true}]}}