{"id":58688,"date":"2018-07-25T12:16:30","date_gmt":"2018-07-25T15:16:30","guid":{"rendered":"http:\/\/caririemacao.com\/1\/?p=58688"},"modified":"2018-07-25T12:25:06","modified_gmt":"2018-07-25T15:25:06","slug":"tribunal-de-contas-aprova-as-contas-da-prefeitura-de-sao-jose-cordeiros","status":"publish","type":"post","link":"https:\/\/www.caririemacao.com\/1\/2018\/07\/25\/tribunal-de-contas-aprova-as-contas-da-prefeitura-de-sao-jose-cordeiros\/","title":{"rendered":"\u00a0Tribunal de Contas aprova as contas da prefeitura de S\u00e3o Jos\u00e9 Cordeiros"},"content":{"rendered":"<p>O Tribunal de Contas do Estado da Para\u00edba (TCE-PB) aprovou na sess\u00e3o desta quarta-feira (25) as contas de S\u00e3o Jos\u00e9 Cordeiros. A aprova\u00e7\u00e3o se deu por unanimidade.<\/p>\n<p>Os conselheiros analisaram as contas referentes ao exerc\u00edcio de 2017 de S\u00e3o Jos\u00e9 dos Cordeiros, sob a gest\u00e3o do prefeito Jefferson Roberto (PSB). O gestor fez a correta aplica\u00e7\u00e3o dos recursos p\u00fablicos, cumprindo todos os \u00edndices de investimentos.<\/p>\n<p>O advogado Marco Villar faz o acompanhamento da gest\u00e3o em parceria com o advogado Jos\u00e9 Maviael sendo respons\u00e1vel pela defesa junto ao Tribunal de Contas. Dr. Marcos destacou o trabalho realizado pelo gestor do munic\u00edpio e a import\u00e2ncia de realizar um acompanhamento profissional dos gastos p\u00fablicos.<\/p>\n<p>O prefeito Jefferson Roberto comemorou a aprova\u00e7\u00e3o de suas primeiras contas e disse que continuar\u00e1 focado em fazer uma gest\u00e3o voltada ao bem comum da popula\u00e7\u00e3o cordeirense e na responsabilidade com o dinheiro p\u00fablico.<\/p>\n<p><strong>CARIRI EM A\u00c7\u00c3O<\/strong><\/p>\n<p>Com De olho no cariri \/Foto: Reprodu\u00e7\u00e3o\u00a0Instagram<\/p>\n<p>Leia mais not\u00edcias em\u00a0<a href=\"http:\/\/www.caririemacao.com\/\">caririemacao.com<\/a>, siga nossa p\u00e1gina no\u00a0<a href=\"https:\/\/www.facebook.com\/CaririEmAcao\/?ref=aymt_homepage_panel\">Facebook<\/a>,\u00a0<a href=\"https:\/\/www.instagram.com\/cariri_em_acao\/?hl=pt-br\">Instagram<\/a>\u00a0e <a href=\"https:\/\/www.youtube.com\/channel\/UCAptA0jQuYQy8vMhLt2m4qg\">Youtube<\/a>\u00a0e veja nossas mat\u00e9rias, v\u00eddeos e fotos. Voc\u00ea tamb\u00e9m pode enviar informa\u00e7\u00f5es \u00e0 Reda\u00e7\u00e3o do Portal Cariri em A\u00e7\u00e3o pelo WhatsApp (83) 9 9634.5791, (83) 9 9601-1162.<\/p>\n","protected":false},"excerpt":{"rendered":"<p>O Tribunal de Contas do Estado da Para\u00edba (TCE-PB) aprovou na sess\u00e3o desta quarta-feira (25) as contas de S\u00e3o Jos\u00e9 Cordeiros. A aprova\u00e7\u00e3o se deu&hellip; <\/p>\n","protected":false},"author":1,"featured_media":58689,"comment_status":"closed","ping_status":"closed","sticky":false,"template":"","format":"standard","meta":{"sfsi_plus_gutenberg_text_before_share":"","sfsi_plus_gutenberg_show_text_before_share":"","sfsi_plus_gutenberg_icon_type":"","sfsi_plus_gutenberg_icon_alignemt":"","sfsi_plus_gutenburg_max_per_row":"","footnotes":""},"categories":[11],"tags":[],"class_list":["post-58688","post","type-post","status-publish","format-standard","has-post-thumbnail","hentry","category-politica"],"_links":{"self":[{"href":"https:\/\/www.caririemacao.com\/1\/wp-json\/wp\/v2\/posts\/58688","targetHints":{"allow":["GET"]}}],"collection":[{"href":"https:\/\/www.caririemacao.com\/1\/wp-json\/wp\/v2\/posts"}],"about":[{"href":"https:\/\/www.caririemacao.com\/1\/wp-json\/wp\/v2\/types\/post"}],"author":[{"embeddable":true,"href":"https:\/\/www.caririemacao.com\/1\/wp-json\/wp\/v2\/users\/1"}],"replies":[{"embeddable":true,"href":"https:\/\/www.caririemacao.com\/1\/wp-json\/wp\/v2\/comments?post=58688"}],"version-history":[{"count":2,"href":"https:\/\/www.caririemacao.com\/1\/wp-json\/wp\/v2\/posts\/58688\/revisions"}],"predecessor-version":[{"id":58694,"href":"https:\/\/www.caririemacao.com\/1\/wp-json\/wp\/v2\/posts\/58688\/revisions\/58694"}],"wp:featuredmedia":[{"embeddable":true,"href":"https:\/\/www.caririemacao.com\/1\/wp-json\/wp\/v2\/media\/58689"}],"wp:attachment":[{"href":"https:\/\/www.caririemacao.com\/1\/wp-json\/wp\/v2\/media?parent=58688"}],"wp:term":[{"taxonomy":"category","embeddable":true,"href":"https:\/\/www.caririemacao.com\/1\/wp-json\/wp\/v2\/categories?post=58688"},{"taxonomy":"post_tag","embeddable":true,"href":"https:\/\/www.caririemacao.com\/1\/wp-json\/wp\/v2\/tags?post=58688"}],"curies":[{"name":"wp","href":"https:\/\/api.w.org\/{rel}","templated":true}]}}