{"id":58692,"date":"2018-07-25T12:24:04","date_gmt":"2018-07-25T15:24:04","guid":{"rendered":"http:\/\/caririemacao.com\/1\/?p=58692"},"modified":"2018-07-25T12:24:04","modified_gmt":"2018-07-25T15:24:04","slug":"cidades-do-cariri-sofrem-com-falta-de-carteiros-e-estrutura-dos-correios","status":"publish","type":"post","link":"https:\/\/www.caririemacao.com\/1\/2018\/07\/25\/cidades-do-cariri-sofrem-com-falta-de-carteiros-e-estrutura-dos-correios\/","title":{"rendered":"Cidades do cariri sofrem com falta de carteiros e estrutura dos Correios"},"content":{"rendered":"<p>D\u00e9ficit de 40% no n\u00famero de funcion\u00e1rios, falta de carteiros nas cidades, ag\u00eancias fechadas, gerentes acumulando servi\u00e7o e inseguran\u00e7a nos postos de atendimento s\u00e3o apenas alguns dos sintomas de um sucateamento da Empresa Brasileira de Correios e Tel\u00e9grafos (ECT) na Para\u00edba.<\/p>\n<p>\u201cAlgumas ag\u00eancias abrem um dia e dois n\u00e3o por falta de gerente, por falta de carteiro. O que est\u00e1 acontecendo \u00e9 o sucateamento da empresa explicou o presidente do Sindicato dos Trabalhadores em Correios e Tel\u00e9grafos do Estado (Sintect-PB), Evandro Tavares.<\/p>\n<p>Em munic\u00edpios como Barra de Santana, Barra de S\u00e3o Miguel, Alcantil, Aroeiras, Cara\u00fabas, Cabaceiras, Parari, Gurj\u00e3o, Gado Bravo, Natuba e S\u00e3o Domingos do Cariri a situa\u00e7\u00e3o \u00e9 praticamente a mesma: os moradores precisam se deslocar at\u00e9 \u00e0s ag\u00eancias dos Correios para receber suas correspond\u00eancias. Isso quando elas ainda funcionam.<\/p>\n<p><strong>CARIRI EM A\u00c7\u00c3O<\/strong><\/p>\n<p>Com Correio da PB\/Foto: Reprodu\u00e7\u00e3o Internet<\/p>\n<p>Leia mais not\u00edcias em\u00a0<a href=\"http:\/\/www.caririemacao.com\/\">caririemacao.com<\/a>, siga nossa p\u00e1gina no\u00a0<a href=\"https:\/\/www.facebook.com\/CaririEmAcao\/?ref=aymt_homepage_panel\">Facebook<\/a>,\u00a0<a href=\"https:\/\/www.instagram.com\/cariri_em_acao\/?hl=pt-br\">Instagram<\/a>\u00a0e <a href=\"https:\/\/www.youtube.com\/channel\/UCAptA0jQuYQy8vMhLt2m4qg\">Youtube<\/a>\u00a0e veja nossas mat\u00e9rias, v\u00eddeos e fotos. Voc\u00ea tamb\u00e9m pode enviar informa\u00e7\u00f5es \u00e0 Reda\u00e7\u00e3o do Portal Cariri em A\u00e7\u00e3o pelo WhatsApp (83) 9 9634.5791, (83) 9 9601-1162.<\/p>\n","protected":false},"excerpt":{"rendered":"<p>D\u00e9ficit de 40% no n\u00famero de funcion\u00e1rios, falta de carteiros nas cidades, ag\u00eancias fechadas, gerentes acumulando servi\u00e7o e inseguran\u00e7a nos postos de atendimento s\u00e3o apenas&hellip; <\/p>\n","protected":false},"author":1,"featured_media":3385,"comment_status":"closed","ping_status":"closed","sticky":false,"template":"","format":"standard","meta":{"sfsi_plus_gutenberg_text_before_share":"","sfsi_plus_gutenberg_show_text_before_share":"","sfsi_plus_gutenberg_icon_type":"","sfsi_plus_gutenberg_icon_alignemt":"","sfsi_plus_gutenburg_max_per_row":"","footnotes":""},"categories":[2],"tags":[],"class_list":["post-58692","post","type-post","status-publish","format-standard","has-post-thumbnail","hentry","category-geral"],"_links":{"self":[{"href":"https:\/\/www.caririemacao.com\/1\/wp-json\/wp\/v2\/posts\/58692","targetHints":{"allow":["GET"]}}],"collection":[{"href":"https:\/\/www.caririemacao.com\/1\/wp-json\/wp\/v2\/posts"}],"about":[{"href":"https:\/\/www.caririemacao.com\/1\/wp-json\/wp\/v2\/types\/post"}],"author":[{"embeddable":true,"href":"https:\/\/www.caririemacao.com\/1\/wp-json\/wp\/v2\/users\/1"}],"replies":[{"embeddable":true,"href":"https:\/\/www.caririemacao.com\/1\/wp-json\/wp\/v2\/comments?post=58692"}],"version-history":[{"count":1,"href":"https:\/\/www.caririemacao.com\/1\/wp-json\/wp\/v2\/posts\/58692\/revisions"}],"predecessor-version":[{"id":58693,"href":"https:\/\/www.caririemacao.com\/1\/wp-json\/wp\/v2\/posts\/58692\/revisions\/58693"}],"wp:featuredmedia":[{"embeddable":true,"href":"https:\/\/www.caririemacao.com\/1\/wp-json\/wp\/v2\/media\/3385"}],"wp:attachment":[{"href":"https:\/\/www.caririemacao.com\/1\/wp-json\/wp\/v2\/media?parent=58692"}],"wp:term":[{"taxonomy":"category","embeddable":true,"href":"https:\/\/www.caririemacao.com\/1\/wp-json\/wp\/v2\/categories?post=58692"},{"taxonomy":"post_tag","embeddable":true,"href":"https:\/\/www.caririemacao.com\/1\/wp-json\/wp\/v2\/tags?post=58692"}],"curies":[{"name":"wp","href":"https:\/\/api.w.org\/{rel}","templated":true}]}}