{"id":58701,"date":"2018-07-25T21:45:22","date_gmt":"2018-07-26T00:45:22","guid":{"rendered":"http:\/\/caririemacao.com\/1\/?p=58701"},"modified":"2018-07-25T21:45:22","modified_gmt":"2018-07-26T00:45:22","slug":"prefeita-natalia-assina-ordem-de-servico-para-construcao-de-praca","status":"publish","type":"post","link":"https:\/\/www.caririemacao.com\/1\/2018\/07\/25\/prefeita-natalia-assina-ordem-de-servico-para-construcao-de-praca\/","title":{"rendered":"Prefeita Nat\u00e1lia assina ordem de servi\u00e7o para constru\u00e7\u00e3o de pra\u00e7a"},"content":{"rendered":"<p>A prefeita de Ouro Velho, Nat\u00e1lia de Dr. J\u00fanior, assinou nesta quarta-feira, dia 25, a ordem de servi\u00e7o que autoriza a constru\u00e7\u00e3o de uma moderna pra\u00e7a na cidade.<\/p>\n<p>Segundo a prefeita, a obra, que ser\u00e1 executada com recursos pr\u00f3prios,vai revitalizar a entrada da cidade, sa\u00edda para a Prata, com estrutura para caminhada, exerc\u00edcio e area de encontro famialiar, al\u00e9m de ter um lindo letreiro com o nome &#8220;Eu amo Ouro Velho&#8221;, dando boas vindas as pessoas que adentram na cidade.<\/p>\n<p><img fetchpriority=\"high\" decoding=\"async\" class=\"alignnone size-full wp-image-58703\" src=\"http:\/\/caririemacao.com\/1\/wp-content\/uploads\/2018\/07\/WhatsApp-Image-2018-07-25-at-19.54.18.jpeg\" alt=\"\" width=\"1024\" height=\"458\" srcset=\"https:\/\/www.caririemacao.com\/1\/wp-content\/uploads\/2018\/07\/WhatsApp-Image-2018-07-25-at-19.54.18.jpeg 1024w, https:\/\/www.caririemacao.com\/1\/wp-content\/uploads\/2018\/07\/WhatsApp-Image-2018-07-25-at-19.54.18-300x134.jpeg 300w, https:\/\/www.caririemacao.com\/1\/wp-content\/uploads\/2018\/07\/WhatsApp-Image-2018-07-25-at-19.54.18-768x344.jpeg 768w\" sizes=\"(max-width: 1024px) 100vw, 1024px\" \/><\/p>\n<p>Nat\u00e1lia enfatizou a import\u00e2ncia de valorizar e estruturar \u00e1reas p\u00fablicas. \u201cA gest\u00e3o est\u00e1 empenhada em construir equipamentos de lazer e conviv\u00eancia para a popula\u00e7\u00e3o e isto n\u00e3o \u00e9 por acaso. As pra\u00e7as t\u00eam uma fun\u00e7\u00e3o social relevante para a popula\u00e7\u00e3o\u201d,\u00a0afirmou.<\/p>\n<p><strong>CARIRI EM A\u00c7\u00c3O<\/strong><\/p>\n<p>Leia mais not\u00edcias em\u00a0<a style=\"font-style: inherit; font-weight: inherit;\" href=\"http:\/\/www.caririemacao.com\/\">caririemacao.com<\/a>, siga nossa p\u00e1gina no\u00a0<a style=\"font-style: inherit; font-weight: inherit;\" href=\"https:\/\/www.facebook.com\/CaririEmAcao\/?ref=aymt_homepage_panel\">Facebook<\/a>,\u00a0<a style=\"font-style: inherit; font-weight: inherit;\" href=\"https:\/\/www.instagram.com\/cariri_em_acao\/?hl=pt-br\">Instagram<\/a>\u00a0e\u00a0<a style=\"font-style: inherit; font-weight: inherit;\" href=\"https:\/\/www.youtube.com\/channel\/UCAptA0jQuYQy8vMhLt2m4qg\">Youtube<\/a>\u00a0e veja nossas mat\u00e9rias, v\u00eddeos e fotos. Voc\u00ea tamb\u00e9m pode enviar informa\u00e7\u00f5es \u00e0 Reda\u00e7\u00e3o do Portal Cariri em A\u00e7\u00e3o pelo WhatsApp (83) 9 9634.5791, (83) 9 9601-1162.<\/p>\n","protected":false},"excerpt":{"rendered":"<p>A prefeita de Ouro Velho, Nat\u00e1lia de Dr. J\u00fanior, assinou nesta quarta-feira, dia 25, a ordem de servi\u00e7o que autoriza a constru\u00e7\u00e3o de uma moderna&hellip; <\/p>\n","protected":false},"author":2,"featured_media":58702,"comment_status":"closed","ping_status":"closed","sticky":false,"template":"","format":"standard","meta":{"sfsi_plus_gutenberg_text_before_share":"","sfsi_plus_gutenberg_show_text_before_share":"","sfsi_plus_gutenberg_icon_type":"","sfsi_plus_gutenberg_icon_alignemt":"","sfsi_plus_gutenburg_max_per_row":"","footnotes":""},"categories":[6],"tags":[],"class_list":["post-58701","post","type-post","status-publish","format-standard","has-post-thumbnail","hentry","category-cidades"],"_links":{"self":[{"href":"https:\/\/www.caririemacao.com\/1\/wp-json\/wp\/v2\/posts\/58701","targetHints":{"allow":["GET"]}}],"collection":[{"href":"https:\/\/www.caririemacao.com\/1\/wp-json\/wp\/v2\/posts"}],"about":[{"href":"https:\/\/www.caririemacao.com\/1\/wp-json\/wp\/v2\/types\/post"}],"author":[{"embeddable":true,"href":"https:\/\/www.caririemacao.com\/1\/wp-json\/wp\/v2\/users\/2"}],"replies":[{"embeddable":true,"href":"https:\/\/www.caririemacao.com\/1\/wp-json\/wp\/v2\/comments?post=58701"}],"version-history":[{"count":1,"href":"https:\/\/www.caririemacao.com\/1\/wp-json\/wp\/v2\/posts\/58701\/revisions"}],"predecessor-version":[{"id":58704,"href":"https:\/\/www.caririemacao.com\/1\/wp-json\/wp\/v2\/posts\/58701\/revisions\/58704"}],"wp:featuredmedia":[{"embeddable":true,"href":"https:\/\/www.caririemacao.com\/1\/wp-json\/wp\/v2\/media\/58702"}],"wp:attachment":[{"href":"https:\/\/www.caririemacao.com\/1\/wp-json\/wp\/v2\/media?parent=58701"}],"wp:term":[{"taxonomy":"category","embeddable":true,"href":"https:\/\/www.caririemacao.com\/1\/wp-json\/wp\/v2\/categories?post=58701"},{"taxonomy":"post_tag","embeddable":true,"href":"https:\/\/www.caririemacao.com\/1\/wp-json\/wp\/v2\/tags?post=58701"}],"curies":[{"name":"wp","href":"https:\/\/api.w.org\/{rel}","templated":true}]}}