{"id":58706,"date":"2018-07-26T07:01:25","date_gmt":"2018-07-26T10:01:25","guid":{"rendered":"http:\/\/caririemacao.com\/1\/?p=58706"},"modified":"2018-07-26T07:01:25","modified_gmt":"2018-07-26T10:01:25","slug":"comeca-sexta-tempo-de-trabalho-na-monteiro-fm","status":"publish","type":"post","link":"https:\/\/www.caririemacao.com\/1\/2018\/07\/26\/comeca-sexta-tempo-de-trabalho-na-monteiro-fm\/","title":{"rendered":"Come\u00e7a sexta \u201cTempo de Trabalho\u201d na Monteiro FM"},"content":{"rendered":"<p>Tempo de Trabalho\u201d. Este ser\u00e1 o novo programa institucional de r\u00e1dio da Prefeitura Municipal de Monteiro que estreia nesta sexta-feira, 27, na r\u00e1dio Monteiro FM (97,5), das 13 \u00e0s 14 horas.<\/p>\n<p>O programa, al\u00e9m de ter a presta\u00e7\u00e3o de contas da administra\u00e7\u00e3o municipal, com todas as a\u00e7\u00f5es de suas secretarias abrir\u00e1 espa\u00e7o para a divulga\u00e7\u00e3o dos fatos relevantes para a cidade acontecidos ao longo da semana e as proje\u00e7\u00f5es para a semana seguinte.<\/p>\n<p>O programa \u201cTempo de Trabalho\u201d ser\u00e1 apresentado pelo radialista Edglay Bezerra com a produ\u00e7\u00e3o da Secretaria Municipal de Comunica\u00e7\u00e3o.<\/p>\n<p>O cidad\u00e3o poder\u00e1 interagir enviando d\u00favidas, sugest\u00f5es, fazer elogios ou cr\u00edticas a administra\u00e7\u00e3o municipal atrav\u00e9s do telefone 0800 095 1553 de forma gratuita todos os dias da semana das 08 \u00e0s 12 horas, recebendo as informa\u00e7\u00f5es durante a apresenta\u00e7\u00e3o do programa.<\/p>\n<p>\u201cDesenvolvemos mais este canal para estar em contato com a popula\u00e7\u00e3o, para que todos sejam informados sobre as a\u00e7\u00f5es que estamos realizando no munic\u00edpio que incidem diretamente na vida dos cidad\u00e3os. Meu desejo \u00e9 que a popula\u00e7\u00e3o possa usufruir e se informar sempre como meio de fazer nossa cidade cada dia melhor\u201d, disse a prefeita Anna Lorena, que ser\u00e1 a primeira entrevistada do programa \u201cTempo de Trabalho\u201d.<\/p>\n<p><strong>CARIRI EM A\u00c7\u00c3O<\/strong><\/p>\n<p>Com Ascom-PMM\/Foto: Reprodu\u00e7\u00e3o Internet<\/p>\n<p>Leia mais not\u00edcias em\u00a0<a href=\"http:\/\/www.caririemacao.com\/\">caririemacao.com<\/a>, siga nossa p\u00e1gina no\u00a0<a href=\"https:\/\/www.facebook.com\/CaririEmAcao\/?ref=aymt_homepage_panel\">Facebook<\/a>,\u00a0<a href=\"https:\/\/www.instagram.com\/cariri_em_acao\/?hl=pt-br\">Instagram<\/a>\u00a0e <a href=\"https:\/\/www.youtube.com\/channel\/UCAptA0jQuYQy8vMhLt2m4qg\">Youtube<\/a>\u00a0e veja nossas mat\u00e9rias, v\u00eddeos e fotos. Voc\u00ea tamb\u00e9m pode enviar informa\u00e7\u00f5es \u00e0 Reda\u00e7\u00e3o do Portal Cariri em A\u00e7\u00e3o pelo WhatsApp (83) 9 9634.5791, (83) 9 9601-1162.<\/p>\n","protected":false},"excerpt":{"rendered":"<p>Tempo de Trabalho\u201d. Este ser\u00e1 o novo programa institucional de r\u00e1dio da Prefeitura Municipal de Monteiro que estreia nesta sexta-feira, 27, na r\u00e1dio Monteiro FM&hellip; <\/p>\n","protected":false},"author":1,"featured_media":58707,"comment_status":"closed","ping_status":"closed","sticky":false,"template":"","format":"standard","meta":{"sfsi_plus_gutenberg_text_before_share":"","sfsi_plus_gutenberg_show_text_before_share":"","sfsi_plus_gutenberg_icon_type":"","sfsi_plus_gutenberg_icon_alignemt":"","sfsi_plus_gutenburg_max_per_row":"","footnotes":""},"categories":[6],"tags":[],"class_list":["post-58706","post","type-post","status-publish","format-standard","has-post-thumbnail","hentry","category-cidades"],"_links":{"self":[{"href":"https:\/\/www.caririemacao.com\/1\/wp-json\/wp\/v2\/posts\/58706","targetHints":{"allow":["GET"]}}],"collection":[{"href":"https:\/\/www.caririemacao.com\/1\/wp-json\/wp\/v2\/posts"}],"about":[{"href":"https:\/\/www.caririemacao.com\/1\/wp-json\/wp\/v2\/types\/post"}],"author":[{"embeddable":true,"href":"https:\/\/www.caririemacao.com\/1\/wp-json\/wp\/v2\/users\/1"}],"replies":[{"embeddable":true,"href":"https:\/\/www.caririemacao.com\/1\/wp-json\/wp\/v2\/comments?post=58706"}],"version-history":[{"count":1,"href":"https:\/\/www.caririemacao.com\/1\/wp-json\/wp\/v2\/posts\/58706\/revisions"}],"predecessor-version":[{"id":58708,"href":"https:\/\/www.caririemacao.com\/1\/wp-json\/wp\/v2\/posts\/58706\/revisions\/58708"}],"wp:featuredmedia":[{"embeddable":true,"href":"https:\/\/www.caririemacao.com\/1\/wp-json\/wp\/v2\/media\/58707"}],"wp:attachment":[{"href":"https:\/\/www.caririemacao.com\/1\/wp-json\/wp\/v2\/media?parent=58706"}],"wp:term":[{"taxonomy":"category","embeddable":true,"href":"https:\/\/www.caririemacao.com\/1\/wp-json\/wp\/v2\/categories?post=58706"},{"taxonomy":"post_tag","embeddable":true,"href":"https:\/\/www.caririemacao.com\/1\/wp-json\/wp\/v2\/tags?post=58706"}],"curies":[{"name":"wp","href":"https:\/\/api.w.org\/{rel}","templated":true}]}}