{"id":58709,"date":"2018-07-26T07:10:22","date_gmt":"2018-07-26T10:10:22","guid":{"rendered":"http:\/\/caririemacao.com\/1\/?p=58709"},"modified":"2018-07-26T07:10:22","modified_gmt":"2018-07-26T10:10:22","slug":"tce-intima-ministerio-publico-a-fornecer-dados-sobre-servidores","status":"publish","type":"post","link":"https:\/\/www.caririemacao.com\/1\/2018\/07\/26\/tce-intima-ministerio-publico-a-fornecer-dados-sobre-servidores\/","title":{"rendered":"TCE intima Minist\u00e9rio P\u00fablico a fornecer dados sobre servidores"},"content":{"rendered":"<p>O Tribunal de Contas do Estado (TCE-PB) intimou o Minist\u00e9rio P\u00fablico da Para\u00edba (MPPB) para que forne\u00e7a informa\u00e7\u00f5es, num prazo de 10 dias, sobre os processos licitat\u00f3rios realizados este ano, bem como os detalhes sobre o n\u00famero de servidores e suas classifica\u00e7\u00f5es, inclusive os que est\u00e3o \u00e0 disposi\u00e7\u00e3o do \u00f3rg\u00e3o cedidos por outras institui\u00e7\u00f5es. Dados do Sistema Sagres mostram que o MPPB possui cerca de 328 cargos em comiss\u00e3o, com sal\u00e1rios que chegam a at\u00e9 R$ 9 mil. Ao todo s\u00e3o 223 servidores cedidos por prefeituras que, em muitos casos, tiveram de contratar novos servidores para substitu\u00ed-los temporariamente nos munic\u00edpios.<\/p>\n<p>Na intima\u00e7\u00e3o publicada no Di\u00e1rio Eletr\u00f4nico do TCE-PB, s\u00e3o solicitadas informa\u00e7\u00f5es sobre efetivos e comissionados, os que est\u00e3o \u00e0 disposi\u00e7\u00e3o do MPPB (servidores de outros \u00f3rg\u00e3os \u00e0 disposi\u00e7\u00e3o do MP), \u00e0 disposi\u00e7\u00e3o de outros \u00f3rg\u00e3os (servidores do MP \u00e0 disposi\u00e7\u00e3o de outros \u00f3rg\u00e3os), os tempor\u00e1rios (servidor que n\u00e3o possui v\u00ednculo efetivo, nem ocupa cargo comissionado), al\u00e9m de estagi\u00e1rios e outros (qualquer outro caso que n\u00e3o se encaixe nas descri\u00e7\u00f5es anteriores, com a devida justificativa).<\/p>\n<p>O TCE-PB tamb\u00e9m quer saber o n\u00famero de servidores (efetivos e\/ou comissionados) do Minist\u00e9rio P\u00fablico Estadual que se encontravam \u00e0 disposi\u00e7\u00e3o de outro \u00f3rg\u00e3o\/entidade em junho\/2018, indicando se a cess\u00e3o foi com \u00f4nus ou sem \u00f4nus. Outra informa\u00e7\u00e3o solicitada \u00e9 quanto \u00e0s nomea\u00e7\u00f5es ou dispensa de pessoal que tenham sido emitidos em 2018, at\u00e9 o m\u00eas de junho.<\/p>\n<p>Al\u00e9m de informa\u00e7\u00f5es sobre servidores, tamb\u00e9m foi solicitado os extratos banc\u00e1rios de todas as contas do Minist\u00e9rio P\u00fablico Estadual dos meses de janeiro a junho deste ano; o quadro demonstrativo da execu\u00e7\u00e3o f\u00edsica, no per\u00edodo de janeiro a junho, especificando o produto, a unidade de medida, a meta, a realiza\u00e7\u00e3o e eventuais observa\u00e7\u00f5es, das seguintes a\u00e7\u00f5es previstas no Quadro de Detalhamento de Despesas (QDD) deste exerc\u00edcio.<\/p>\n<p><strong>Licita\u00e7\u00f5es<\/strong>\u00a0\u2013 O TCE-PB pediu ainda a rela\u00e7\u00e3o de todas as licita\u00e7\u00f5es realizadas no per\u00edodo de janeiro a junho deste ano; a rela\u00e7\u00e3o de todos os contratos vigentes este ano, com as c\u00f3pias dos referidos instrumentos; rela\u00e7\u00e3o de todos os conv\u00eanios em vigor, contendo os seguintes dados: n\u00famero do conv\u00eanio; nome do concedente, nome do convenente, data da celebra\u00e7\u00e3o; objeto; vig\u00eancia, valor do conv\u00eanio, e valor da contrapartida.<\/p>\n<p><strong>CARIRI EM A\u00c7\u00c3O<\/strong><\/p>\n<p>Com\u00a0PB Agora\/Foto: Reprodu\u00e7\u00e3o Internet<\/p>\n<p>Leia mais not\u00edcias em\u00a0<a href=\"http:\/\/www.caririemacao.com\/\">caririemacao.com<\/a>, siga nossa p\u00e1gina no\u00a0<a href=\"https:\/\/www.facebook.com\/CaririEmAcao\/?ref=aymt_homepage_panel\">Facebook<\/a>,\u00a0<a href=\"https:\/\/www.instagram.com\/cariri_em_acao\/?hl=pt-br\">Instagram<\/a>\u00a0e <a href=\"https:\/\/www.youtube.com\/channel\/UCAptA0jQuYQy8vMhLt2m4qg\">Youtube<\/a>\u00a0e veja nossas mat\u00e9rias, v\u00eddeos e fotos. Voc\u00ea tamb\u00e9m pode enviar informa\u00e7\u00f5es \u00e0 Reda\u00e7\u00e3o do Portal Cariri em A\u00e7\u00e3o pelo WhatsApp (83) 9 9634.5791, (83) 9 9601-1162.<\/p>\n","protected":false},"excerpt":{"rendered":"<p>O Tribunal de Contas do Estado (TCE-PB) intimou o Minist\u00e9rio P\u00fablico da Para\u00edba (MPPB) para que forne\u00e7a informa\u00e7\u00f5es, num prazo de 10 dias, sobre os&hellip; <\/p>\n","protected":false},"author":1,"featured_media":36803,"comment_status":"closed","ping_status":"closed","sticky":false,"template":"","format":"standard","meta":{"sfsi_plus_gutenberg_text_before_share":"","sfsi_plus_gutenberg_show_text_before_share":"","sfsi_plus_gutenberg_icon_type":"","sfsi_plus_gutenberg_icon_alignemt":"","sfsi_plus_gutenburg_max_per_row":"","footnotes":""},"categories":[2],"tags":[],"class_list":["post-58709","post","type-post","status-publish","format-standard","has-post-thumbnail","hentry","category-geral"],"_links":{"self":[{"href":"https:\/\/www.caririemacao.com\/1\/wp-json\/wp\/v2\/posts\/58709","targetHints":{"allow":["GET"]}}],"collection":[{"href":"https:\/\/www.caririemacao.com\/1\/wp-json\/wp\/v2\/posts"}],"about":[{"href":"https:\/\/www.caririemacao.com\/1\/wp-json\/wp\/v2\/types\/post"}],"author":[{"embeddable":true,"href":"https:\/\/www.caririemacao.com\/1\/wp-json\/wp\/v2\/users\/1"}],"replies":[{"embeddable":true,"href":"https:\/\/www.caririemacao.com\/1\/wp-json\/wp\/v2\/comments?post=58709"}],"version-history":[{"count":1,"href":"https:\/\/www.caririemacao.com\/1\/wp-json\/wp\/v2\/posts\/58709\/revisions"}],"predecessor-version":[{"id":58710,"href":"https:\/\/www.caririemacao.com\/1\/wp-json\/wp\/v2\/posts\/58709\/revisions\/58710"}],"wp:featuredmedia":[{"embeddable":true,"href":"https:\/\/www.caririemacao.com\/1\/wp-json\/wp\/v2\/media\/36803"}],"wp:attachment":[{"href":"https:\/\/www.caririemacao.com\/1\/wp-json\/wp\/v2\/media?parent=58709"}],"wp:term":[{"taxonomy":"category","embeddable":true,"href":"https:\/\/www.caririemacao.com\/1\/wp-json\/wp\/v2\/categories?post=58709"},{"taxonomy":"post_tag","embeddable":true,"href":"https:\/\/www.caririemacao.com\/1\/wp-json\/wp\/v2\/tags?post=58709"}],"curies":[{"name":"wp","href":"https:\/\/api.w.org\/{rel}","templated":true}]}}