{"id":58711,"date":"2018-07-26T07:14:13","date_gmt":"2018-07-26T10:14:13","guid":{"rendered":"http:\/\/caririemacao.com\/1\/?p=58711"},"modified":"2018-07-26T07:14:13","modified_gmt":"2018-07-26T10:14:13","slug":"comeca-hoje-o-pagamento-do-abono-salarial-pis-pasep-2018-2019","status":"publish","type":"post","link":"https:\/\/www.caririemacao.com\/1\/2018\/07\/26\/comeca-hoje-o-pagamento-do-abono-salarial-pis-pasep-2018-2019\/","title":{"rendered":"Come\u00e7a hoje o pagamento do abono salarial PIS-Pasep 2018-2019"},"content":{"rendered":"<p>Come\u00e7a nesta quinta-feira (26) o pagamento do abono salarial PIS-Pasep calend\u00e1rio 2018-2019 (ano-base 2017). No caso do PIS, o pagamento ser\u00e1 para trabalhadores da iniciativa privada nascidos em julho, e no do Pasep \u00e9 para servidores p\u00fablicos com final da inscri\u00e7\u00e3o 0.<\/p>\n<p>&nbsp;<\/p>\n<p>O valor do abono varia de R$ 80 a R$ 954, dependendo do tempo em que a pessoa trabalhou formalmente em 2017.<\/p>\n<p>Tem direito ao abono quem recebeu, em m\u00e9dia, at\u00e9 2 sal\u00e1rios m\u00ednimos mensais com carteira assinada e exerceu atividade remunerada durante, pelo menos, 30 dias em 2017. \u00c9 preciso ainda estar inscrito no PIS\/Pasep h\u00e1 pelo menos 5 anos e ter os dados atualizados pelo empregador na Rela\u00e7\u00e3o Anual de Informa\u00e7\u00f5es Sociais (Rais).<\/p>\n<p>Ser\u00e1 retomado tamb\u00e9m nesta quinta o pagamento do abono salarial PIS\/Pasep ano-base 2016. O\u00a0governo decidiu prorrogar o per\u00edodo para saques do abono salarial PIS\/Pasep ano-base 2016 at\u00e9 30 de dezembro.<\/p>\n<p>De acordo com o calend\u00e1rio, quem nasceu nos meses de julho a dezembro receber\u00e1 o benef\u00edcio ainda no ano de 2018. J\u00e1 os nascidos entre janeiro e junho receber\u00e3o no primeiro trimestre de 2019. Em qualquer situa\u00e7\u00e3o, o recurso ficar\u00e1 \u00e0 disposi\u00e7\u00e3o do trabalhador at\u00e9 28 de junho de 2019, prazo final para o recebimento.\u00a0Confira aqui o calend\u00e1rio.<\/p>\n<p>Trabalhadores da iniciativa privada retiram o dinheiro na Caixa Econ\u00f4mica Federal, e os servidores p\u00fablicos, no Banco do Brasil. \u00c9 preciso apresentar um documento de identifica\u00e7\u00e3o e o n\u00famero do PIS\/Pasep.<\/p>\n<p>A estimativa \u00e9 de que sejam destinados R$ 18,1 bilh\u00f5es a 23,5 milh\u00f5es de trabalhadores.<\/p>\n<p>Valor depende dos meses trabalhados<\/p>\n<p>O valor do abono \u00e9 associado ao n\u00famero de meses trabalhados no exerc\u00edcio anterior. Portanto, quem trabalhou um m\u00eas no ano-base 2017 receber\u00e1 1\/12 do sal\u00e1rio m\u00ednimo. Quem trabalhou 2 meses receber\u00e1 2\/12 e assim por diante. S\u00f3 receber\u00e1 o valor total quem trabalhou o ano-base 2017 completo.<\/p>\n<p>Para saber se tem direito e como sacar<\/p>\n<p>Para sacar o abono do PIS, o trabalhador que possuir Cart\u00e3o do Cidad\u00e3o e senha cadastrada pode se dirigir aos terminais de autoatendimento da Caixa ou a uma casa lot\u00e9rica. Se n\u00e3o tiver o Cart\u00e3o do Cidad\u00e3o, pode receber o valor em qualquer ag\u00eancia da Caixa, mediante apresenta\u00e7\u00e3o de documento de identifica\u00e7\u00e3o.<\/p>\n<p>Informa\u00e7\u00f5es sobre o PIS tamb\u00e9m podem ser obtidas pelo telefone 0800-726-02-07 da Caixa. O trabalhador pode fazer uma consulta ainda no site www.caixa.gov.br\/PIS, em Consultar Pagamento. Para isso, \u00e9 preciso ter o n\u00famero do NIS (PIS\/Pasep) em m\u00e3os.<\/p>\n<p>Veja como localizar o n\u00famero do PIS na internet<\/p>\n<p>Os servidores p\u00fablicos que t\u00eam direito ao Pasep precisam verificar se houve dep\u00f3sito em conta. Caso isso n\u00e3o tenha ocorrido, precisam procurar uma ag\u00eancia do Banco do Brasil e apresentar um documento de identifica\u00e7\u00e3o. Mais informa\u00e7\u00f5es sobre o Pasep podem ser obtidas pelo telefone 0800-729 00 01, do Banco do Brasil.<\/p>\n<p><strong>CARIRI EM A\u00c7\u00c3O<\/strong><\/p>\n<p>Com G1 \/Foto: Reprodu\u00e7\u00e3o Internet<\/p>\n<p>Leia mais not\u00edcias em\u00a0<a href=\"http:\/\/www.caririemacao.com\/\">caririemacao.com<\/a>, siga nossa p\u00e1gina no\u00a0<a href=\"https:\/\/www.facebook.com\/CaririEmAcao\/?ref=aymt_homepage_panel\">Facebook<\/a>,\u00a0<a href=\"https:\/\/www.instagram.com\/cariri_em_acao\/?hl=pt-br\">Instagram<\/a>\u00a0e <a href=\"https:\/\/www.youtube.com\/channel\/UCAptA0jQuYQy8vMhLt2m4qg\">Youtube<\/a>\u00a0e veja nossas mat\u00e9rias, v\u00eddeos e fotos. Voc\u00ea tamb\u00e9m pode enviar informa\u00e7\u00f5es \u00e0 Reda\u00e7\u00e3o do Portal Cariri em A\u00e7\u00e3o pelo WhatsApp (83) 9 9634.5791, (83) 9 9601-1162.<\/p>\n","protected":false},"excerpt":{"rendered":"<p>Come\u00e7a nesta quinta-feira (26) o pagamento do abono salarial PIS-Pasep calend\u00e1rio 2018-2019 (ano-base 2017). No caso do PIS, o pagamento ser\u00e1 para trabalhadores da iniciativa&hellip; <\/p>\n","protected":false},"author":1,"featured_media":30821,"comment_status":"closed","ping_status":"closed","sticky":false,"template":"","format":"standard","meta":{"sfsi_plus_gutenberg_text_before_share":"","sfsi_plus_gutenberg_show_text_before_share":"","sfsi_plus_gutenberg_icon_type":"","sfsi_plus_gutenberg_icon_alignemt":"","sfsi_plus_gutenburg_max_per_row":"","footnotes":""},"categories":[2],"tags":[],"class_list":["post-58711","post","type-post","status-publish","format-standard","has-post-thumbnail","hentry","category-geral"],"_links":{"self":[{"href":"https:\/\/www.caririemacao.com\/1\/wp-json\/wp\/v2\/posts\/58711","targetHints":{"allow":["GET"]}}],"collection":[{"href":"https:\/\/www.caririemacao.com\/1\/wp-json\/wp\/v2\/posts"}],"about":[{"href":"https:\/\/www.caririemacao.com\/1\/wp-json\/wp\/v2\/types\/post"}],"author":[{"embeddable":true,"href":"https:\/\/www.caririemacao.com\/1\/wp-json\/wp\/v2\/users\/1"}],"replies":[{"embeddable":true,"href":"https:\/\/www.caririemacao.com\/1\/wp-json\/wp\/v2\/comments?post=58711"}],"version-history":[{"count":1,"href":"https:\/\/www.caririemacao.com\/1\/wp-json\/wp\/v2\/posts\/58711\/revisions"}],"predecessor-version":[{"id":58712,"href":"https:\/\/www.caririemacao.com\/1\/wp-json\/wp\/v2\/posts\/58711\/revisions\/58712"}],"wp:featuredmedia":[{"embeddable":true,"href":"https:\/\/www.caririemacao.com\/1\/wp-json\/wp\/v2\/media\/30821"}],"wp:attachment":[{"href":"https:\/\/www.caririemacao.com\/1\/wp-json\/wp\/v2\/media?parent=58711"}],"wp:term":[{"taxonomy":"category","embeddable":true,"href":"https:\/\/www.caririemacao.com\/1\/wp-json\/wp\/v2\/categories?post=58711"},{"taxonomy":"post_tag","embeddable":true,"href":"https:\/\/www.caririemacao.com\/1\/wp-json\/wp\/v2\/tags?post=58711"}],"curies":[{"name":"wp","href":"https:\/\/api.w.org\/{rel}","templated":true}]}}