{"id":58713,"date":"2018-07-26T07:16:20","date_gmt":"2018-07-26T10:16:20","guid":{"rendered":"http:\/\/caririemacao.com\/1\/?p=58713"},"modified":"2018-07-26T07:16:20","modified_gmt":"2018-07-26T10:16:20","slug":"na-paraiba-coordenador-da-campanha-de-lula-surpreende-e-diz-que-temer-e-perseguido-e-injusticado-pela-lava-jato","status":"publish","type":"post","link":"https:\/\/www.caririemacao.com\/1\/2018\/07\/26\/na-paraiba-coordenador-da-campanha-de-lula-surpreende-e-diz-que-temer-e-perseguido-e-injusticado-pela-lava-jato\/","title":{"rendered":"Na Para\u00edba, coordenador da campanha de Lula surpreende e diz que Temer \u00e9 perseguido e injusti\u00e7ado pela Lava jato"},"content":{"rendered":"<p>O atual coordenador da campanha de Lula \u00e0 presid\u00eancia, S\u00e9rgio Gabrielli, que est\u00e1 em Jo\u00e3o Pessoa para um evento logo mais \u00e0 noite sobre as elei\u00e7\u00f5es 2018, afirmou que o presidente Michel Temer \u00e9 injusti\u00e7ado pela Lava Jato, assim como os integrantes do PT.<\/p>\n<p>Gabrielli justifica que o atual presidente tamb\u00e9m \u00e9 v\u00edtima de injusti\u00e7a pela Lava Jato, considerada por ele uma \u2018grife\u2019 e uma ferramenta de persegui\u00e7\u00e3o, inclusive contra Temer: \u201cEu tamb\u00e9m acho que ele \u00e9 injusti\u00e7ado\u201d.<\/p>\n<p>\u201cEu acho que \u00e9 incorreto voc\u00ea usar a investiga\u00e7\u00e3o judicial com raz\u00f5es pol\u00edticas. Eu acho que em qualquer que seja a v\u00edtima, a justi\u00e7a n\u00e3o pode ter lado e tem que investigar os fatos\u201d, defendeu.<\/p>\n<p>De acordo com o coordenador, h\u00e1 muita divulga\u00e7\u00e3o de fatos que ainda n\u00e3o s\u00e3o comprovados. \u201cA Justi\u00e7a precisa agir com tranquilidade para identificar exatamente o que ocorreu. Evidente que ocorreu algum desvio. O que se est\u00e1 comprovando s\u00e3o alguns desvios pontuais. Alguns dos julgamentos que est\u00e3o ocorrendo s\u00e3o espetaculosos mais do que realistas. Como o caso do Tr\u00edplex do Guaruj\u00e1, em que n\u00e3o se tem nenhuma prova de crime contra Lula\u201d, afirmou.<\/p>\n<p>Segundo ele, a Opera\u00e7\u00e3o n\u00e3o efetuou seu objetivo principal de combater a corrup\u00e7\u00e3o. \u201cA Lava Jato tem uma inten\u00e7\u00e3o adequada, mas a utiliza\u00e7\u00e3o pol\u00edtica que ocorreu em torno dela mascara e dificulta at\u00e9 a a\u00e7\u00e3o legal da investiga\u00e7\u00e3o. Ela se baseia essencialmente em dela\u00e7\u00f5es premiadas. Os grandes delatores que assumiram os crimes est\u00e3o fora da cadeia, est\u00e3o perdoados, ou seja, pouca puni\u00e7\u00e3o. Ent\u00e3o do ponto de vista punitivo a Lava Jato n\u00e3o \u00e9 um sucesso muito grande. Portanto, a Lava Jato virou um instrumento de a\u00e7\u00e3o pol\u00edtica, muito mais do que um instrumento de efic\u00e1cia de combate da corrup\u00e7\u00e3o e dos efetivos corruptos\u201d, explicou.<\/p>\n<p><strong>CARIRI EM A\u00c7\u00c3O<\/strong><\/p>\n<p>Com Clickpb \/Foto: Reprodu\u00e7\u00e3o Internet<\/p>\n<p>Leia mais not\u00edcias em\u00a0<a href=\"http:\/\/www.caririemacao.com\/\">caririemacao.com<\/a>, siga nossa p\u00e1gina no\u00a0<a href=\"https:\/\/www.facebook.com\/CaririEmAcao\/?ref=aymt_homepage_panel\">Facebook<\/a>,\u00a0<a href=\"https:\/\/www.instagram.com\/cariri_em_acao\/?hl=pt-br\">Instagram<\/a>\u00a0e <a href=\"https:\/\/www.youtube.com\/channel\/UCAptA0jQuYQy8vMhLt2m4qg\">Youtube<\/a>\u00a0e veja nossas mat\u00e9rias, v\u00eddeos e fotos. Voc\u00ea tamb\u00e9m pode enviar informa\u00e7\u00f5es \u00e0 Reda\u00e7\u00e3o do Portal Cariri em A\u00e7\u00e3o pelo WhatsApp (83) 9 9634.5791, (83) 9 9601-1162.<\/p>\n","protected":false},"excerpt":{"rendered":"<p>O atual coordenador da campanha de Lula \u00e0 presid\u00eancia, S\u00e9rgio Gabrielli, que est\u00e1 em Jo\u00e3o Pessoa para um evento logo mais \u00e0 noite sobre as&hellip; <\/p>\n","protected":false},"author":1,"featured_media":58577,"comment_status":"closed","ping_status":"closed","sticky":false,"template":"","format":"standard","meta":{"sfsi_plus_gutenberg_text_before_share":"","sfsi_plus_gutenberg_show_text_before_share":"","sfsi_plus_gutenberg_icon_type":"","sfsi_plus_gutenberg_icon_alignemt":"","sfsi_plus_gutenburg_max_per_row":"","footnotes":""},"categories":[11],"tags":[],"class_list":["post-58713","post","type-post","status-publish","format-standard","has-post-thumbnail","hentry","category-politica"],"_links":{"self":[{"href":"https:\/\/www.caririemacao.com\/1\/wp-json\/wp\/v2\/posts\/58713","targetHints":{"allow":["GET"]}}],"collection":[{"href":"https:\/\/www.caririemacao.com\/1\/wp-json\/wp\/v2\/posts"}],"about":[{"href":"https:\/\/www.caririemacao.com\/1\/wp-json\/wp\/v2\/types\/post"}],"author":[{"embeddable":true,"href":"https:\/\/www.caririemacao.com\/1\/wp-json\/wp\/v2\/users\/1"}],"replies":[{"embeddable":true,"href":"https:\/\/www.caririemacao.com\/1\/wp-json\/wp\/v2\/comments?post=58713"}],"version-history":[{"count":1,"href":"https:\/\/www.caririemacao.com\/1\/wp-json\/wp\/v2\/posts\/58713\/revisions"}],"predecessor-version":[{"id":58714,"href":"https:\/\/www.caririemacao.com\/1\/wp-json\/wp\/v2\/posts\/58713\/revisions\/58714"}],"wp:featuredmedia":[{"embeddable":true,"href":"https:\/\/www.caririemacao.com\/1\/wp-json\/wp\/v2\/media\/58577"}],"wp:attachment":[{"href":"https:\/\/www.caririemacao.com\/1\/wp-json\/wp\/v2\/media?parent=58713"}],"wp:term":[{"taxonomy":"category","embeddable":true,"href":"https:\/\/www.caririemacao.com\/1\/wp-json\/wp\/v2\/categories?post=58713"},{"taxonomy":"post_tag","embeddable":true,"href":"https:\/\/www.caririemacao.com\/1\/wp-json\/wp\/v2\/tags?post=58713"}],"curies":[{"name":"wp","href":"https:\/\/api.w.org\/{rel}","templated":true}]}}