{"id":58715,"date":"2018-07-26T07:31:22","date_gmt":"2018-07-26T10:31:22","guid":{"rendered":"http:\/\/caririemacao.com\/1\/?p=58715"},"modified":"2018-07-26T07:31:22","modified_gmt":"2018-07-26T10:31:22","slug":"prefeitura-de-gurjao-antecipa-salario-dos-servidores-antes-do-bode-na-rua-e-fortalece-economia-local","status":"publish","type":"post","link":"https:\/\/www.caririemacao.com\/1\/2018\/07\/26\/prefeitura-de-gurjao-antecipa-salario-dos-servidores-antes-do-bode-na-rua-e-fortalece-economia-local\/","title":{"rendered":"Prefeitura de Gurj\u00e3o antecipa sal\u00e1rio dos servidores antes do Bode na Rua e fortalece economia local"},"content":{"rendered":"<p>A prefeitura de Gurj\u00e3o antecipou nesta quarta feira (25), o pagamento do sal\u00e1rio do m\u00eas de julho j\u00e1 est\u00e3o nas contas desde as primeiras horas desta quarta , com o pagamento, ser\u00e3o injetados na economia da cidade um grande valor ,que tem como objetivo valorizar o servidor e movimentar a economia durante o Bode na Rua 2018.<\/p>\n<p>\u201cN\u00f3s entendemos que trata-se de um evento que nosso povo brinca em massa e claro gratuitamente , mas nesta quarta fizemos mais um esfor\u00e7o tendo em vista a crise que assola o pais , mas deixaremos nossos servidores com dinheiro no bolso para poder divertir-se \u201d, destacou o Prefeito Ronaldo Queiroz.<\/p>\n<p>Com a antecipa\u00e7\u00e3o, os servidores v\u00e3o passar o Bode na Rua com o dinheiro na conta. A expectativa da Prefeitura \u00e9 receber durante o per\u00edodo , \u00e9 de aproximadamente 50 mil pessoas durante o evento.<\/p>\n<p><strong>CARIRI EM A\u00c7\u00c3O<\/strong><\/p>\n<p>Com Ascom \/Foto: Reprodu\u00e7\u00e3o Internet<\/p>\n<p>Leia mais not\u00edcias em\u00a0<a href=\"http:\/\/www.caririemacao.com\/\">caririemacao.com<\/a>, siga nossa p\u00e1gina no\u00a0<a href=\"https:\/\/www.facebook.com\/CaririEmAcao\/?ref=aymt_homepage_panel\">Facebook<\/a>,\u00a0<a href=\"https:\/\/www.instagram.com\/cariri_em_acao\/?hl=pt-br\">Instagram<\/a>\u00a0e <a href=\"https:\/\/www.youtube.com\/channel\/UCAptA0jQuYQy8vMhLt2m4qg\">Youtube<\/a>\u00a0e veja nossas mat\u00e9rias, v\u00eddeos e fotos. Voc\u00ea tamb\u00e9m pode enviar informa\u00e7\u00f5es \u00e0 Reda\u00e7\u00e3o do Portal Cariri em A\u00e7\u00e3o pelo WhatsApp (83) 9 9634.5791, (83) 9 9601-1162.<\/p>\n","protected":false},"excerpt":{"rendered":"<p>A prefeitura de Gurj\u00e3o antecipou nesta quarta feira (25), o pagamento do sal\u00e1rio do m\u00eas de julho j\u00e1 est\u00e3o nas contas desde as primeiras horas&hellip; <\/p>\n","protected":false},"author":1,"featured_media":34917,"comment_status":"closed","ping_status":"closed","sticky":false,"template":"","format":"standard","meta":{"sfsi_plus_gutenberg_text_before_share":"","sfsi_plus_gutenberg_show_text_before_share":"","sfsi_plus_gutenberg_icon_type":"","sfsi_plus_gutenberg_icon_alignemt":"","sfsi_plus_gutenburg_max_per_row":"","footnotes":""},"categories":[6],"tags":[],"class_list":["post-58715","post","type-post","status-publish","format-standard","has-post-thumbnail","hentry","category-cidades"],"_links":{"self":[{"href":"https:\/\/www.caririemacao.com\/1\/wp-json\/wp\/v2\/posts\/58715","targetHints":{"allow":["GET"]}}],"collection":[{"href":"https:\/\/www.caririemacao.com\/1\/wp-json\/wp\/v2\/posts"}],"about":[{"href":"https:\/\/www.caririemacao.com\/1\/wp-json\/wp\/v2\/types\/post"}],"author":[{"embeddable":true,"href":"https:\/\/www.caririemacao.com\/1\/wp-json\/wp\/v2\/users\/1"}],"replies":[{"embeddable":true,"href":"https:\/\/www.caririemacao.com\/1\/wp-json\/wp\/v2\/comments?post=58715"}],"version-history":[{"count":1,"href":"https:\/\/www.caririemacao.com\/1\/wp-json\/wp\/v2\/posts\/58715\/revisions"}],"predecessor-version":[{"id":58716,"href":"https:\/\/www.caririemacao.com\/1\/wp-json\/wp\/v2\/posts\/58715\/revisions\/58716"}],"wp:featuredmedia":[{"embeddable":true,"href":"https:\/\/www.caririemacao.com\/1\/wp-json\/wp\/v2\/media\/34917"}],"wp:attachment":[{"href":"https:\/\/www.caririemacao.com\/1\/wp-json\/wp\/v2\/media?parent=58715"}],"wp:term":[{"taxonomy":"category","embeddable":true,"href":"https:\/\/www.caririemacao.com\/1\/wp-json\/wp\/v2\/categories?post=58715"},{"taxonomy":"post_tag","embeddable":true,"href":"https:\/\/www.caririemacao.com\/1\/wp-json\/wp\/v2\/tags?post=58715"}],"curies":[{"name":"wp","href":"https:\/\/api.w.org\/{rel}","templated":true}]}}