{"id":58717,"date":"2018-07-26T07:42:42","date_gmt":"2018-07-26T10:42:42","guid":{"rendered":"http:\/\/caririemacao.com\/1\/?p=58717"},"modified":"2018-07-26T07:42:42","modified_gmt":"2018-07-26T10:42:42","slug":"sume-abre-inscricoes-de-seletivo-para-mediadores-e-facilitadores-do-novo-mais-educacao","status":"publish","type":"post","link":"https:\/\/www.caririemacao.com\/1\/2018\/07\/26\/sume-abre-inscricoes-de-seletivo-para-mediadores-e-facilitadores-do-novo-mais-educacao\/","title":{"rendered":"Sum\u00e9 abre inscri\u00e7\u00f5es de Seletivo para Mediadores e Facilitadores do Novo Mais Educa\u00e7\u00e3o"},"content":{"rendered":"<p>A Prefeitura Municipal de Sum\u00e9 torna p\u00fablico o edital para (cadastro de reserva) mediadores e facilitadores da aprendizagem atuar como volunt\u00e1rios no programa Novo Mais Educa\u00e7\u00e3o.<\/p>\n<p>O Novo Mais Educa\u00e7\u00e3o tem por finalidade contribuir para a melhoria da aprendizagem por meio da amplia\u00e7\u00e3o do tempo de perman\u00eancia de crian\u00e7as, adolescentes e jovens matriculados em escola p\u00fablica, mediante oferta de educa\u00e7\u00e3o b\u00e1sica em tempo integral.<\/p>\n<p>A sele\u00e7\u00e3o destina-se ao preenchimento de 30 (trinta) vagas para monitores no \u00e2mbito do Munic\u00edpio de Sum\u00e9-Para\u00edba, a serem distribu\u00eddas nas escolas urbanas e do campo.<\/p>\n<p>Ser\u00e3o considerados os seguintes crit\u00e9rios para a sele\u00e7\u00e3o de mediadores e facilitadores da aprendizagem:<\/p>\n<ul>\n<li>Ser brasileiro;<\/li>\n<li>Ter a idade m\u00ednima de 18 (dezoito) anos, no ato da inscri\u00e7\u00e3o;<\/li>\n<li>Estar em dia com as obriga\u00e7\u00f5es militares, para sexo masculino;<\/li>\n<li>Estar quite com a Justi\u00e7a Eleitoral.<\/li>\n<li>Ter, no m\u00ednimo, forma\u00e7\u00e3o de n\u00edvel m\u00e9dio completo e\/ou est\u00e1 cursando universidade;<\/li>\n<li>Possuir curso e\/ou habilidade na atividade escolhida;<\/li>\n<li>N\u00e3o acumular bolsas em outros programas<\/li>\n<li>N\u00e3o possuir v\u00ednculo funcional, empregat\u00edcio, nem exercer cargo em comiss\u00e3o.<\/li>\n<\/ul>\n<p>O Processo Seletivo Simplificado para Mediadores e Facilitadores da Aprendizagem ser\u00e1 executado pela Secretaria Municipal da Educa\u00e7\u00e3o de Educa\u00e7\u00e3o-PB com a participa\u00e7\u00e3o da Comiss\u00e3o de Inscri\u00e7\u00e3o e Avalia\u00e7\u00e3o.<\/p>\n<p>Poder\u00e3o participar do processo seletivo, estudantes dos institutos federais e de gradua\u00e7\u00e3o das universidades p\u00fablicas e\/ou particulares, e\/ou graduados e pessoas com conhecimento comprovado, nas \u00e1reas de atividades do Novo Mais Educa\u00e7\u00e3o.<\/p>\n<p>As inscri\u00e7\u00f5es ser\u00e3o efetuadas na Coordena\u00e7\u00e3o de Educa\u00e7\u00e3o Integral, da Secretaria Municipal da Educa\u00e7\u00e3o, localizada na Av. 1\u00ba de Abril, 1\u00ba andar, Centro, Sum\u00e9, Para\u00edba, pessoalmente, devidamente identificado, nos seguintes dias e hor\u00e1rios: \u00a0<strong>25 a 26\u00a0<\/strong>de\u00a0<strong>julho\u00a0<\/strong>de 2018, no hor\u00e1rio de 8h \u00e0s 13h.<\/p>\n<p><strong>\u00a0<\/strong><strong>MAIORES INFORMA\u00c7\u00d5ES NO EDITAL:\u00a0<\/strong><a href=\"http:\/\/sume.tempsite.ws\/transparencia\/vfm-admin\/vfm-downloader.php?q=dXBsb2Fkcy9CT0xFVElNLU9GSUNJQUwvMjAxOC9FREklQzMlODclQzMlODNPLS0tMjQtREUtSlVMSE8tMjAxOC0tLUVTUEVDSUFMLnBkZg==&amp;h=a5ae56674207ed522ee6768962ac7505\"><strong>CLICK AQUI<\/strong><\/a><\/p>\n<p><strong>CARIRI EM A\u00c7\u00c3O<\/strong><\/p>\n<p>Com Ascom \/Foto: Reprodu\u00e7\u00e3o Internet<\/p>\n<p>Leia mais not\u00edcias em\u00a0<a href=\"http:\/\/www.caririemacao.com\/\">caririemacao.com<\/a>, siga nossa p\u00e1gina no\u00a0<a href=\"https:\/\/www.facebook.com\/CaririEmAcao\/?ref=aymt_homepage_panel\">Facebook<\/a>,\u00a0<a href=\"https:\/\/www.instagram.com\/cariri_em_acao\/?hl=pt-br\">Instagram<\/a>\u00a0e <a href=\"https:\/\/www.youtube.com\/channel\/UCAptA0jQuYQy8vMhLt2m4qg\">Youtube<\/a>\u00a0e veja nossas mat\u00e9rias, v\u00eddeos e fotos. Voc\u00ea tamb\u00e9m pode enviar informa\u00e7\u00f5es \u00e0 Reda\u00e7\u00e3o do Portal Cariri em A\u00e7\u00e3o pelo WhatsApp (83) 9 9634.5791, (83) 9 9601-1162.<\/p>\n","protected":false},"excerpt":{"rendered":"<p>A Prefeitura Municipal de Sum\u00e9 torna p\u00fablico o edital para (cadastro de reserva) mediadores e facilitadores da aprendizagem atuar como volunt\u00e1rios no programa Novo Mais&hellip; <\/p>\n","protected":false},"author":1,"featured_media":58723,"comment_status":"closed","ping_status":"closed","sticky":false,"template":"","format":"standard","meta":{"sfsi_plus_gutenberg_text_before_share":"","sfsi_plus_gutenberg_show_text_before_share":"","sfsi_plus_gutenberg_icon_type":"","sfsi_plus_gutenberg_icon_alignemt":"","sfsi_plus_gutenburg_max_per_row":"","footnotes":""},"categories":[6],"tags":[],"class_list":["post-58717","post","type-post","status-publish","format-standard","has-post-thumbnail","hentry","category-cidades"],"_links":{"self":[{"href":"https:\/\/www.caririemacao.com\/1\/wp-json\/wp\/v2\/posts\/58717","targetHints":{"allow":["GET"]}}],"collection":[{"href":"https:\/\/www.caririemacao.com\/1\/wp-json\/wp\/v2\/posts"}],"about":[{"href":"https:\/\/www.caririemacao.com\/1\/wp-json\/wp\/v2\/types\/post"}],"author":[{"embeddable":true,"href":"https:\/\/www.caririemacao.com\/1\/wp-json\/wp\/v2\/users\/1"}],"replies":[{"embeddable":true,"href":"https:\/\/www.caririemacao.com\/1\/wp-json\/wp\/v2\/comments?post=58717"}],"version-history":[{"count":1,"href":"https:\/\/www.caririemacao.com\/1\/wp-json\/wp\/v2\/posts\/58717\/revisions"}],"predecessor-version":[{"id":58724,"href":"https:\/\/www.caririemacao.com\/1\/wp-json\/wp\/v2\/posts\/58717\/revisions\/58724"}],"wp:featuredmedia":[{"embeddable":true,"href":"https:\/\/www.caririemacao.com\/1\/wp-json\/wp\/v2\/media\/58723"}],"wp:attachment":[{"href":"https:\/\/www.caririemacao.com\/1\/wp-json\/wp\/v2\/media?parent=58717"}],"wp:term":[{"taxonomy":"category","embeddable":true,"href":"https:\/\/www.caririemacao.com\/1\/wp-json\/wp\/v2\/categories?post=58717"},{"taxonomy":"post_tag","embeddable":true,"href":"https:\/\/www.caririemacao.com\/1\/wp-json\/wp\/v2\/tags?post=58717"}],"curies":[{"name":"wp","href":"https:\/\/api.w.org\/{rel}","templated":true}]}}