{"id":58725,"date":"2018-07-26T08:03:40","date_gmt":"2018-07-26T11:03:40","guid":{"rendered":"http:\/\/caririemacao.com\/1\/?p=58725"},"modified":"2018-07-26T08:03:40","modified_gmt":"2018-07-26T11:03:40","slug":"wellington-roberto-apoiara-lula-na-paraiba","status":"publish","type":"post","link":"https:\/\/www.caririemacao.com\/1\/2018\/07\/26\/wellington-roberto-apoiara-lula-na-paraiba\/","title":{"rendered":"Wellington Roberto apoiar\u00e1 Lula na Para\u00edba"},"content":{"rendered":"<p>O deputado federal e presidente estadual do PR, Wellington Roberto, apoiar\u00e1 a pr\u00e9-candidatura de Lula a presidente da Rep\u00fablica.<\/p>\n<p>A informa\u00e7\u00e3o foi divulgada, na tarde desta quarta-feira (25), pelo coordenador da campanha do petista, S\u00e9rgio Gabrielli, em entrevista ao programa Arapuan Verdade, da R\u00e1dio Arapuan.<\/p>\n<p>\u201cTive uma reuni\u00e3o com Wellinton Roberto e ele disse que vai apoiar a pr\u00e9-candidatura de Lula\u201d, destacou.<\/p>\n<p>S\u00e9rgio Gabrielli est\u00e1 na Para\u00edba e se re\u00fane hoje com o governador Ricardo Coutinho para discutir parceria do PT com o PSB.<\/p>\n<p><strong>CARIRI EM A\u00c7\u00c3O<\/strong><\/p>\n<p>Com\u00a0MaisPB\/Foto: Reprodu\u00e7\u00e3o Internet, Divulga\u00e7\u00e3o<\/p>\n<p>Leia mais not\u00edcias em\u00a0<a href=\"http:\/\/www.caririemacao.com\/\">caririemacao.com<\/a>, siga nossa p\u00e1gina no\u00a0<a href=\"https:\/\/www.facebook.com\/CaririEmAcao\/?ref=aymt_homepage_panel\">Facebook<\/a>,\u00a0<a href=\"https:\/\/www.instagram.com\/cariri_em_acao\/?hl=pt-br\">Instagram<\/a>\u00a0e <a href=\"https:\/\/www.youtube.com\/channel\/UCAptA0jQuYQy8vMhLt2m4qg\">Youtube<\/a>\u00a0e veja nossas mat\u00e9rias, v\u00eddeos e fotos. Voc\u00ea tamb\u00e9m pode enviar informa\u00e7\u00f5es \u00e0 Reda\u00e7\u00e3o do Portal Cariri em A\u00e7\u00e3o pelo WhatsApp (83) 9 9634.5791, (83) 9 9601-1162.<\/p>\n","protected":false},"excerpt":{"rendered":"<p>O deputado federal e presidente estadual do PR, Wellington Roberto, apoiar\u00e1 a pr\u00e9-candidatura de Lula a presidente da Rep\u00fablica. A informa\u00e7\u00e3o foi divulgada, na tarde&hellip; <\/p>\n","protected":false},"author":1,"featured_media":58726,"comment_status":"closed","ping_status":"closed","sticky":false,"template":"","format":"standard","meta":{"sfsi_plus_gutenberg_text_before_share":"","sfsi_plus_gutenberg_show_text_before_share":"","sfsi_plus_gutenberg_icon_type":"","sfsi_plus_gutenberg_icon_alignemt":"","sfsi_plus_gutenburg_max_per_row":"","footnotes":""},"categories":[11],"tags":[],"class_list":["post-58725","post","type-post","status-publish","format-standard","has-post-thumbnail","hentry","category-politica"],"_links":{"self":[{"href":"https:\/\/www.caririemacao.com\/1\/wp-json\/wp\/v2\/posts\/58725","targetHints":{"allow":["GET"]}}],"collection":[{"href":"https:\/\/www.caririemacao.com\/1\/wp-json\/wp\/v2\/posts"}],"about":[{"href":"https:\/\/www.caririemacao.com\/1\/wp-json\/wp\/v2\/types\/post"}],"author":[{"embeddable":true,"href":"https:\/\/www.caririemacao.com\/1\/wp-json\/wp\/v2\/users\/1"}],"replies":[{"embeddable":true,"href":"https:\/\/www.caririemacao.com\/1\/wp-json\/wp\/v2\/comments?post=58725"}],"version-history":[{"count":1,"href":"https:\/\/www.caririemacao.com\/1\/wp-json\/wp\/v2\/posts\/58725\/revisions"}],"predecessor-version":[{"id":58727,"href":"https:\/\/www.caririemacao.com\/1\/wp-json\/wp\/v2\/posts\/58725\/revisions\/58727"}],"wp:featuredmedia":[{"embeddable":true,"href":"https:\/\/www.caririemacao.com\/1\/wp-json\/wp\/v2\/media\/58726"}],"wp:attachment":[{"href":"https:\/\/www.caririemacao.com\/1\/wp-json\/wp\/v2\/media?parent=58725"}],"wp:term":[{"taxonomy":"category","embeddable":true,"href":"https:\/\/www.caririemacao.com\/1\/wp-json\/wp\/v2\/categories?post=58725"},{"taxonomy":"post_tag","embeddable":true,"href":"https:\/\/www.caririemacao.com\/1\/wp-json\/wp\/v2\/tags?post=58725"}],"curies":[{"name":"wp","href":"https:\/\/api.w.org\/{rel}","templated":true}]}}