{"id":58884,"date":"2018-07-28T07:01:20","date_gmt":"2018-07-28T10:01:20","guid":{"rendered":"http:\/\/caririemacao.com\/1\/?p=58884"},"modified":"2018-07-28T07:01:20","modified_gmt":"2018-07-28T10:01:20","slug":"homem-nao-resiste-e-morre-apos-acidente-em-sume","status":"publish","type":"post","link":"https:\/\/www.caririemacao.com\/1\/2018\/07\/28\/homem-nao-resiste-e-morre-apos-acidente-em-sume\/","title":{"rendered":"Homem n\u00e3o resiste e morre ap\u00f3s acidente em Sum\u00e9"},"content":{"rendered":"<p dir=\"ltr\">Umas das v\u00edtimas do acidente ocorrido na noite desta sexta-feira em Sum\u00e9, o homem Cl\u00e1udio Fernando veio a \u00f3bito depois se v\u00e1rias tentativas da equipe m\u00e9dica do hospital de Sum\u00e9.<br \/>\nOs m\u00e9dicos por quase tr\u00eas horas tentaram entubar Cl\u00e1udio Fernando mas ele n\u00e3o resistiu.<br \/>\nEle tinha 38 anos e deixa sua esposa Glaucien, duas filhas e sua sogra que tamb\u00e9m estava no carro.<br \/>\nA cidade de Cust\u00f3dia est\u00e1 se luto.<\/p>\n<p dir=\"ltr\">CARIRI EM A\u00c7\u00c3O<\/p>\n","protected":false},"excerpt":{"rendered":"<p>Umas das v\u00edtimas do acidente ocorrido na noite desta sexta-feira em Sum\u00e9, o homem Cl\u00e1udio Fernando veio a \u00f3bito depois se v\u00e1rias tentativas da equipe&hellip; <\/p>\n","protected":false},"author":1,"featured_media":58879,"comment_status":"closed","ping_status":"closed","sticky":false,"template":"","format":"standard","meta":{"sfsi_plus_gutenberg_text_before_share":"","sfsi_plus_gutenberg_show_text_before_share":"","sfsi_plus_gutenberg_icon_type":"","sfsi_plus_gutenberg_icon_alignemt":"","sfsi_plus_gutenburg_max_per_row":"","footnotes":""},"categories":[12],"tags":[],"class_list":["post-58884","post","type-post","status-publish","format-standard","has-post-thumbnail","hentry","category-policia"],"_links":{"self":[{"href":"https:\/\/www.caririemacao.com\/1\/wp-json\/wp\/v2\/posts\/58884","targetHints":{"allow":["GET"]}}],"collection":[{"href":"https:\/\/www.caririemacao.com\/1\/wp-json\/wp\/v2\/posts"}],"about":[{"href":"https:\/\/www.caririemacao.com\/1\/wp-json\/wp\/v2\/types\/post"}],"author":[{"embeddable":true,"href":"https:\/\/www.caririemacao.com\/1\/wp-json\/wp\/v2\/users\/1"}],"replies":[{"embeddable":true,"href":"https:\/\/www.caririemacao.com\/1\/wp-json\/wp\/v2\/comments?post=58884"}],"version-history":[{"count":1,"href":"https:\/\/www.caririemacao.com\/1\/wp-json\/wp\/v2\/posts\/58884\/revisions"}],"predecessor-version":[{"id":58918,"href":"https:\/\/www.caririemacao.com\/1\/wp-json\/wp\/v2\/posts\/58884\/revisions\/58918"}],"wp:featuredmedia":[{"embeddable":true,"href":"https:\/\/www.caririemacao.com\/1\/wp-json\/wp\/v2\/media\/58879"}],"wp:attachment":[{"href":"https:\/\/www.caririemacao.com\/1\/wp-json\/wp\/v2\/media?parent=58884"}],"wp:term":[{"taxonomy":"category","embeddable":true,"href":"https:\/\/www.caririemacao.com\/1\/wp-json\/wp\/v2\/categories?post=58884"},{"taxonomy":"post_tag","embeddable":true,"href":"https:\/\/www.caririemacao.com\/1\/wp-json\/wp\/v2\/tags?post=58884"}],"curies":[{"name":"wp","href":"https:\/\/api.w.org\/{rel}","templated":true}]}}