{"id":58906,"date":"2018-07-28T06:17:54","date_gmt":"2018-07-28T09:17:54","guid":{"rendered":"http:\/\/caririemacao.com\/1\/?p=58906"},"modified":"2018-07-28T06:17:54","modified_gmt":"2018-07-28T09:17:54","slug":"pesquisa-ideia-big-data-veja-lula-aparece-com-17-e-bolsonaro-com-14","status":"publish","type":"post","link":"https:\/\/www.caririemacao.com\/1\/2018\/07\/28\/pesquisa-ideia-big-data-veja-lula-aparece-com-17-e-bolsonaro-com-14\/","title":{"rendered":"Pesquisa Ideia Big Data\/Veja: Lula aparece com 17% e Bolsonaro com 14%"},"content":{"rendered":"<p>Pesquisa da IDEIA Big Data encomendada pela revista Veja sobre inten\u00e7\u00e3o de voto dos brasileiros para presidente mostra a consolida\u00e7\u00e3o da lideran\u00e7a de Lula e Bolsonaro na disputa, com 17% e 14% respectivamente, quando a resposta \u00e9 espont\u00e2nea.<\/p>\n<p>Quando os pesquisados s\u00e3o expostos aos nomes da corrida presidencial, Lula tem 29% e Bolsonaro, 17% das respostas.<\/p>\n<p>A pesquisa aponta ainda que Lula, mesmo preso, mant\u00e9m a confian\u00e7a de 9% dos eleitores para seguir o nome que ele indicar para a disputa, seja ele qual for. E que s\u00e3o 43% a propor\u00e7\u00e3o dos eleitores que ainda n\u00e3o decidiu em quem votar. A pesquisa foi realizada entre os dias 20 a 23 de julho com 2036 pessoas e est\u00e1 registrada com o n\u00famero BR-04178\/2018.<\/p>\n<p><strong>Conhe\u00e7a os n\u00fameros:<\/strong><\/p>\n<p>Sobre a IDEIA Big Data\u2013 Fundada em 2011 pelo economista Maur\u00edcio Moura, o Ideia Big Data \u00e9 uma consultoria pol\u00edtica e opini\u00e3o p\u00fablica, no Brasil e no exterior, cujo grande diferencial \u00e9 a integra\u00e7\u00e3o inovadora dos servi\u00e7os de intelig\u00eancia estrat\u00e9gica, pesquisa, big data e microtargeting.<\/p>\n<p>Com projetos premiados internacionalmente, atua no setor p\u00fablico e terceiro setor, com servi\u00e7os como imagem de lideran\u00e7as pol\u00edticas e sociais; pesquisas de opini\u00e3o p\u00fablica; pesquisas sociais; avalia\u00e7\u00e3o, monitoramento de administra\u00e7\u00f5es e gest\u00e3o de entidades de classe, entre outros. Possui escrit\u00f3rios em Bras\u00edlia, Lisboa, Montevideo, Nova Delhi e Washington.<\/p>\n<p><strong>CARIRI EM A\u00c7\u00c3O<\/strong><\/p>\n<p>Com Blog Heron Cid\/Foto: Reprodu\u00e7\u00e3o Internet<\/p>\n<p>Leia mais not\u00edcias em\u00a0<a href=\"http:\/\/www.caririemacao.com\/\">caririemacao.com<\/a>, siga nossa p\u00e1gina no\u00a0<a href=\"https:\/\/www.facebook.com\/CaririEmAcao\/?ref=aymt_homepage_panel\">Facebook<\/a>,\u00a0<a href=\"https:\/\/www.instagram.com\/cariri_em_acao\/?hl=pt-br\">Instagram<\/a>\u00a0e <a href=\"https:\/\/www.youtube.com\/channel\/UCAptA0jQuYQy8vMhLt2m4qg\">Youtube<\/a>\u00a0e veja nossas mat\u00e9rias, v\u00eddeos e fotos. Voc\u00ea tamb\u00e9m pode enviar informa\u00e7\u00f5es \u00e0 Reda\u00e7\u00e3o do Portal Cariri em A\u00e7\u00e3o pelo WhatsApp (83) 9 9634.5791, (83) 9 9601-1162.<\/p>\n","protected":false},"excerpt":{"rendered":"<p>Pesquisa da IDEIA Big Data encomendada pela revista Veja sobre inten\u00e7\u00e3o de voto dos brasileiros para presidente mostra a consolida\u00e7\u00e3o da lideran\u00e7a de Lula e&hellip; <\/p>\n","protected":false},"author":1,"featured_media":58907,"comment_status":"closed","ping_status":"closed","sticky":false,"template":"","format":"standard","meta":{"sfsi_plus_gutenberg_text_before_share":"","sfsi_plus_gutenberg_show_text_before_share":"","sfsi_plus_gutenberg_icon_type":"","sfsi_plus_gutenberg_icon_alignemt":"","sfsi_plus_gutenburg_max_per_row":"","footnotes":""},"categories":[1],"tags":[],"class_list":["post-58906","post","type-post","status-publish","format-standard","has-post-thumbnail","hentry","category-o-site"],"_links":{"self":[{"href":"https:\/\/www.caririemacao.com\/1\/wp-json\/wp\/v2\/posts\/58906","targetHints":{"allow":["GET"]}}],"collection":[{"href":"https:\/\/www.caririemacao.com\/1\/wp-json\/wp\/v2\/posts"}],"about":[{"href":"https:\/\/www.caririemacao.com\/1\/wp-json\/wp\/v2\/types\/post"}],"author":[{"embeddable":true,"href":"https:\/\/www.caririemacao.com\/1\/wp-json\/wp\/v2\/users\/1"}],"replies":[{"embeddable":true,"href":"https:\/\/www.caririemacao.com\/1\/wp-json\/wp\/v2\/comments?post=58906"}],"version-history":[{"count":1,"href":"https:\/\/www.caririemacao.com\/1\/wp-json\/wp\/v2\/posts\/58906\/revisions"}],"predecessor-version":[{"id":58908,"href":"https:\/\/www.caririemacao.com\/1\/wp-json\/wp\/v2\/posts\/58906\/revisions\/58908"}],"wp:featuredmedia":[{"embeddable":true,"href":"https:\/\/www.caririemacao.com\/1\/wp-json\/wp\/v2\/media\/58907"}],"wp:attachment":[{"href":"https:\/\/www.caririemacao.com\/1\/wp-json\/wp\/v2\/media?parent=58906"}],"wp:term":[{"taxonomy":"category","embeddable":true,"href":"https:\/\/www.caririemacao.com\/1\/wp-json\/wp\/v2\/categories?post=58906"},{"taxonomy":"post_tag","embeddable":true,"href":"https:\/\/www.caririemacao.com\/1\/wp-json\/wp\/v2\/tags?post=58906"}],"curies":[{"name":"wp","href":"https:\/\/api.w.org\/{rel}","templated":true}]}}