{"id":58909,"date":"2018-07-28T06:20:56","date_gmt":"2018-07-28T09:20:56","guid":{"rendered":"http:\/\/caririemacao.com\/1\/?p=58909"},"modified":"2018-07-28T06:20:56","modified_gmt":"2018-07-28T09:20:56","slug":"emissarios-do-mdb-voltam-a-insistir-para-ligia-ser-senadora-na-chapa-de-ze","status":"publish","type":"post","link":"https:\/\/www.caririemacao.com\/1\/2018\/07\/28\/emissarios-do-mdb-voltam-a-insistir-para-ligia-ser-senadora-na-chapa-de-ze\/","title":{"rendered":"Emiss\u00e1rios do MDB voltam a insistir para Ligia ser Senadora na chapa de Z\u00e9"},"content":{"rendered":"<p>J\u00e1 s\u00e3o v\u00e1rios os aliados do pr\u00e9-candidato Jos\u00e9 Maranh\u00e3o para buscar consolidar o nome da vice- governadora e pr\u00e9-candidata Ligia Feliciano atraindo ainda as condi\u00e7\u00f5es para ter o apoio do deputado federal Dami\u00e3o Feliciano.<\/p>\n<p>S\u00e3o muitos os argumentos em andamento. \u201cMaranh\u00e3o , homem experiente , \u00edntegro , trabalhador , liderando as pesquisas tem tudo para abrigar a vice-governadora na disputa do Senado, argumentam.<\/p>\n<p>E dizem mais:<\/p>\n<p>\u2013 Doutora Ligia , mulher , experiente ,integra , trabalhadora , muito bem pontuada nas pesquisas est\u00e1 em condi\u00e7\u00f5es de ser uma parceria de alta perspectiva \u2013 dizem.<\/p>\n<p>Conforme observam a fase registra inicio \u201cde uma nova etapa na vida p\u00fablica podendo ela se consolidar como senadora\u201d , analisam adiantando que \u201cnum universo de 4 milh\u00f5es de de pessoas ela tem tudo lara ser pin\u00e7ada para ocupar um cargo no senado federal , muito importante do Pa\u00eds\u201d.<\/p>\n<p>\u2013 Maranh\u00e3o , de bra\u00e7os dados com Ligia , conseguir\u00e3o uma vit\u00f3ria com cheiro de povo . Nascida da vontade popular, refor\u00e7am para concluir:<\/p>\n<p>\u2013 Uma dupla para ningu\u00e9m botar defeito e para completar o time tem s\u00f3 fichas limpas como o jovem vice governador Bruno , por isso a presen\u00e7a da mulher unida da juventude e da experi\u00eancia testada e aprovada do Z\u00e9 Maranhao \u00e9 a solu\u00e7\u00e3o para o esrado \u2013 concluiram.<\/p>\n<p><strong>CARIRI EM A\u00c7\u00c3O<\/strong><\/p>\n<p>Com Wscom\/Foto: Reprodu\u00e7\u00e3o Internet<\/p>\n<p>Leia mais not\u00edcias em\u00a0<a href=\"http:\/\/www.caririemacao.com\/\">caririemacao.com<\/a>, siga nossa p\u00e1gina no\u00a0<a href=\"https:\/\/www.facebook.com\/CaririEmAcao\/?ref=aymt_homepage_panel\">Facebook<\/a>,\u00a0<a href=\"https:\/\/www.instagram.com\/cariri_em_acao\/?hl=pt-br\">Instagram<\/a>\u00a0e <a href=\"https:\/\/www.youtube.com\/channel\/UCAptA0jQuYQy8vMhLt2m4qg\">Youtube<\/a>\u00a0e veja nossas mat\u00e9rias, v\u00eddeos e fotos. Voc\u00ea tamb\u00e9m pode enviar informa\u00e7\u00f5es \u00e0 Reda\u00e7\u00e3o do Portal Cariri em A\u00e7\u00e3o pelo WhatsApp (83) 9 9634.5791, (83) 9 9601-1162.<\/p>\n","protected":false},"excerpt":{"rendered":"<p>J\u00e1 s\u00e3o v\u00e1rios os aliados do pr\u00e9-candidato Jos\u00e9 Maranh\u00e3o para buscar consolidar o nome da vice- governadora e pr\u00e9-candidata Ligia Feliciano atraindo ainda as condi\u00e7\u00f5es&hellip; <\/p>\n","protected":false},"author":1,"featured_media":37581,"comment_status":"closed","ping_status":"closed","sticky":false,"template":"","format":"standard","meta":{"sfsi_plus_gutenberg_text_before_share":"","sfsi_plus_gutenberg_show_text_before_share":"","sfsi_plus_gutenberg_icon_type":"","sfsi_plus_gutenberg_icon_alignemt":"","sfsi_plus_gutenburg_max_per_row":"","footnotes":""},"categories":[11],"tags":[],"class_list":["post-58909","post","type-post","status-publish","format-standard","has-post-thumbnail","hentry","category-politica"],"_links":{"self":[{"href":"https:\/\/www.caririemacao.com\/1\/wp-json\/wp\/v2\/posts\/58909","targetHints":{"allow":["GET"]}}],"collection":[{"href":"https:\/\/www.caririemacao.com\/1\/wp-json\/wp\/v2\/posts"}],"about":[{"href":"https:\/\/www.caririemacao.com\/1\/wp-json\/wp\/v2\/types\/post"}],"author":[{"embeddable":true,"href":"https:\/\/www.caririemacao.com\/1\/wp-json\/wp\/v2\/users\/1"}],"replies":[{"embeddable":true,"href":"https:\/\/www.caririemacao.com\/1\/wp-json\/wp\/v2\/comments?post=58909"}],"version-history":[{"count":1,"href":"https:\/\/www.caririemacao.com\/1\/wp-json\/wp\/v2\/posts\/58909\/revisions"}],"predecessor-version":[{"id":58910,"href":"https:\/\/www.caririemacao.com\/1\/wp-json\/wp\/v2\/posts\/58909\/revisions\/58910"}],"wp:featuredmedia":[{"embeddable":true,"href":"https:\/\/www.caririemacao.com\/1\/wp-json\/wp\/v2\/media\/37581"}],"wp:attachment":[{"href":"https:\/\/www.caririemacao.com\/1\/wp-json\/wp\/v2\/media?parent=58909"}],"wp:term":[{"taxonomy":"category","embeddable":true,"href":"https:\/\/www.caririemacao.com\/1\/wp-json\/wp\/v2\/categories?post=58909"},{"taxonomy":"post_tag","embeddable":true,"href":"https:\/\/www.caririemacao.com\/1\/wp-json\/wp\/v2\/tags?post=58909"}],"curies":[{"name":"wp","href":"https:\/\/api.w.org\/{rel}","templated":true}]}}