{"id":58923,"date":"2018-07-28T16:45:45","date_gmt":"2018-07-28T19:45:45","guid":{"rendered":"http:\/\/caririemacao.com\/1\/?p=58923"},"modified":"2018-07-28T16:50:37","modified_gmt":"2018-07-28T19:50:37","slug":"em-sume-joao-destaca-avancos-da-gestao-do-psb-no-cariri-e-fala-da-missao-de-substituir-ricardo","status":"publish","type":"post","link":"https:\/\/www.caririemacao.com\/1\/2018\/07\/28\/em-sume-joao-destaca-avancos-da-gestao-do-psb-no-cariri-e-fala-da-missao-de-substituir-ricardo\/","title":{"rendered":"Em Sum\u00e9, Jo\u00e3o destaca avan\u00e7os da gest\u00e3o do PSB no Cariri e fala da miss\u00e3o de substituir Ricardo"},"content":{"rendered":"<p>H\u00e1 40 anos, a descoberta de uma voca\u00e7\u00e3o. Um dom voltado para o bem-estar social. O trabalho incessante para implanta\u00e7\u00e3o de pol\u00edticas p\u00fablicas essenciais para o desenvolvimento das mais diversas \u00e1reas. Esta \u00e9 a trajet\u00f3ria de vida do pr\u00e9-candidato a governador da Para\u00edba, Jo\u00e3o Azev\u00eado, apresentada para a popula\u00e7\u00e3o do Cariri, durante o Encontro Regional do PSB, em Sum\u00e9, na noite desta sexta-feira (27). E com a for\u00e7a do povo, que lotou a Bella Casa Recep\u00e7\u00f5es e Eventos, e de todo uma vida, o socialista fez quest\u00e3o de destacar: meu nome \u00e9 Jo\u00e3o. Ao lado dele, tamb\u00e9m participaram do evento o pr\u00e9-candidato a senador Veneziano Vital R\u00eago (PSB) e o governador Ricardo Coutinho (PSB).<\/p>\n<p><img fetchpriority=\"high\" decoding=\"async\" class=\"alignnone size-full wp-image-58928\" src=\"http:\/\/caririemacao.com\/1\/wp-content\/uploads\/2018\/07\/37975843_1311539592315394_327822552917344256_n.jpg\" alt=\"\" width=\"800\" height=\"533\" srcset=\"https:\/\/www.caririemacao.com\/1\/wp-content\/uploads\/2018\/07\/37975843_1311539592315394_327822552917344256_n.jpg 800w, https:\/\/www.caririemacao.com\/1\/wp-content\/uploads\/2018\/07\/37975843_1311539592315394_327822552917344256_n-300x200.jpg 300w, https:\/\/www.caririemacao.com\/1\/wp-content\/uploads\/2018\/07\/37975843_1311539592315394_327822552917344256_n-768x512.jpg 768w\" sizes=\"(max-width: 800px) 100vw, 800px\" \/><\/p>\n<p>\u201cFoi exatamente h\u00e1 40 anos que descobri a minha voca\u00e7\u00e3o. Eu descobri que a melhor coisa que eu poderia fazer na minha vida era dirigi-la e entregar todo o meu esfor\u00e7o, trabalho e suor para ser servidor p\u00fablico. Servir ao p\u00fablico no sentido de ser fant\u00e1stica a sensa\u00e7\u00e3o de quem sonha, de quem projeta, quem realiza e depois v\u00ea a popula\u00e7\u00e3o usufruir daquilo que foi projetado. Esse prazer, s\u00f3 quem sabe \u00e9 s\u00f3 quem tem experi\u00eancia na gest\u00e3o p\u00fablica. Essa \u00e9 a melhor forma de fazer pol\u00edtica\u201d, relatou.<\/p>\n<p>Jo\u00e3o lembrou que faz parte de um projeto que revolucionou a forma de se fazer gest\u00e3o p\u00fablica na Para\u00edba, a partir de janeiro 2011. A revolu\u00e7\u00e3o promovida pelo PSB, com a lideran\u00e7a do governador Ricardo Coutinho (PSB), estimula o pr\u00e9-candidato socialista a trabalhar para superar o desafio que lhe foi dado.<\/p>\n<p>\u201cN\u00f3s sabemos claramente que dar continuidade a este projeto, em que a gente possa desenvolver cada vez mais a Para\u00edba, \u00e9 um grande desafio, assim como \u00e9 um grande desafio para Veneziano estar na condi\u00e7\u00e3o de pr\u00e9-candidato a senador de Ricardo. Mas imagina ter que substituir o maior governador que a Para\u00edba j\u00e1 teve? Essa \u00e9 a grande quest\u00e3o. Eu fico sempre a pensar. Afinal de contas, por que meu nome foi colocado? Por que eu fui convocado para isso? Fui convocado porque esse n\u00e3o \u00e9 um projeto pessoal. Fui convocado por um grupo de pessoas e partidos para esta miss\u00e3o, por que entendem que eu tenho a condi\u00e7\u00e3o de dar continuidade a este projeto\u201d, argumentou.<\/p>\n<p>O socialista tamb\u00e9m destacou as quatro d\u00e9cadas de trabalho incessante no servi\u00e7o p\u00fablico. \u201cQuando, a partir de 2005, Ricardo entregou 8 mil casas pela Prefeitura de Jo\u00e3o Pessoa, 75 pra\u00e7as naquela cidade, construiu 12 campos de futebol, conseguiu realizar cozinhas comunit\u00e1rias, 14 USFs e 35 gin\u00e1sios, eu estava l\u00e1, junto com Ricardo. E viemos para o Governo do Estado fazendo da mesma forma. Implantamos Centro de Conven\u00e7\u00f5es, 20 mil unidades habitacionais, mais de 2,6 mil quil\u00f4metros de estradas, mais de 1,5 mil quil\u00f4metros de adutoras. Eu n\u00e3o digo isso por vaidade. Agrade\u00e7o a Deus todos os dias pela sorte de ter tido a oportunidade de poder conceber todas essas coisas. Isso para mim, com certeza, \u00e9 a coisa mais importante da minha vida\u201d, explicou.<\/p>\n<p>Para Jo\u00e3o, transformar a Para\u00edba, implantar pol\u00edticas p\u00fablicas inexistentes e investir em regi\u00f5es que antes eram negligenciados, como o Cariri, foi um sonho que se tornou real e j\u00e1 faz parte do cotidiano do povo paraibano.<\/p>\n<p><strong>Ricardo Coutinho<\/strong><\/p>\n<p>Ao discursar, o governador Ricardo Coutinho agradeceu ao povo do Cariri pela oportunidade de implementar um plano que projeta o desenvolvimento econ\u00f4mico e social da regi\u00e3o. \u201cEu s\u00f3 tenho a agradecer ao Cariri por me ensinar que a Para\u00edba poderia ser cada vez mais democr\u00e1tica. E para que o nosso Estado fosse mais democr\u00e1tico e justo, tinha que oferecer oportunidades iguais \u00e0s regi\u00f5es diferentes. Agrade\u00e7o por me levar a investir na regi\u00e3o, como essa aqui, muito mais proporcionalmente do que investimos em qualquer outra regi\u00e3o. Por olhar hoje o Cariri e perceber como ele criou asas para poder fazer grandes voos\u201d, afirmou.<\/p>\n<p><img decoding=\"async\" class=\"alignnone size-full wp-image-58927 lazyload\" data-src=\"http:\/\/caririemacao.com\/1\/wp-content\/uploads\/2018\/07\/37825473_1311540192315334_5521730532649467904_n.jpg\" alt=\"\" width=\"800\" height=\"533\" data-srcset=\"https:\/\/www.caririemacao.com\/1\/wp-content\/uploads\/2018\/07\/37825473_1311540192315334_5521730532649467904_n.jpg 800w, https:\/\/www.caririemacao.com\/1\/wp-content\/uploads\/2018\/07\/37825473_1311540192315334_5521730532649467904_n-300x200.jpg 300w, https:\/\/www.caririemacao.com\/1\/wp-content\/uploads\/2018\/07\/37825473_1311540192315334_5521730532649467904_n-768x512.jpg 768w\" data-sizes=\"(max-width: 800px) 100vw, 800px\" src=\"data:image\/svg+xml;base64,PHN2ZyB3aWR0aD0iMSIgaGVpZ2h0PSIxIiB4bWxucz0iaHR0cDovL3d3dy53My5vcmcvMjAwMC9zdmciPjwvc3ZnPg==\" style=\"--smush-placeholder-width: 800px; --smush-placeholder-aspect-ratio: 800\/533;\" \/><\/p>\n<p>\u201cN\u00e3o \u00e9 do passado, falo do presente, mas que tamb\u00e9m \u00e9 futuro. Jo\u00e3o e Veneziano s\u00e3o o futuro. S\u00e3o esses companheiros que manter\u00e3o o desenvolvimento do nosso Estado. Quando n\u00e3o se leva para casa e quando se percebe os prop\u00f3sitos, d\u00e1 pra fazer muita coisa. Jamais a Para\u00edba vai ou deve permitir que se volte a uma \u00e9poca em que se dizia que iria fazer muita coisa e n\u00e3o se fazia absolutamente nada. Jamais n\u00f3s podemos admitir que o Cariri e o Curimata\u00fa passem quatro anos sem ter praticamente nada. Essa \u00e9 uma conquista de voc\u00eas, que precisa ser defendida agora com Jo\u00e3o e Veneziano\u201d, completou o governador.<\/p>\n<p><strong>Lideran\u00e7as<\/strong><\/p>\n<p>Os prefeitos de Sum\u00e9, Ed\u00e9n Duarte (PSB); de Serra Branca, Souzinha (PDT); de S\u00e3o Sebasti\u00e3o do Umbuzeiro, Adriano Wolff (DEM); de S\u00e3o Jo\u00e3o do Tigre, C\u00e9lio Barbosa (PSB); do Congo J\u00fanior Quirino (PDT); de Coxixola, Givaldo Limeira (DEM); de S\u00e3o Jos\u00e9 do Cordeiro, Jeferson Roberto (PSB); e de Cara\u00fabas, Silvano Dudu (PSB) participaram do encontro regional de lideran\u00e7as do Cariri. Al\u00e9m deles, A presidenteex-prefeitos, lideran\u00e7as de oposi\u00e7\u00f5es e vereadores da regi\u00e3o prestigiaram o evento.<\/p>\n<p><img decoding=\"async\" class=\"alignnone size-full wp-image-58929 lazyload\" data-src=\"http:\/\/caririemacao.com\/1\/wp-content\/uploads\/2018\/07\/37993231_1311536472315706_7389235226947354624_n.jpg\" alt=\"\" width=\"800\" height=\"533\" data-srcset=\"https:\/\/www.caririemacao.com\/1\/wp-content\/uploads\/2018\/07\/37993231_1311536472315706_7389235226947354624_n.jpg 800w, https:\/\/www.caririemacao.com\/1\/wp-content\/uploads\/2018\/07\/37993231_1311536472315706_7389235226947354624_n-300x200.jpg 300w, https:\/\/www.caririemacao.com\/1\/wp-content\/uploads\/2018\/07\/37993231_1311536472315706_7389235226947354624_n-768x512.jpg 768w\" data-sizes=\"(max-width: 800px) 100vw, 800px\" src=\"data:image\/svg+xml;base64,PHN2ZyB3aWR0aD0iMSIgaGVpZ2h0PSIxIiB4bWxucz0iaHR0cDovL3d3dy53My5vcmcvMjAwMC9zdmciPjwvc3ZnPg==\" style=\"--smush-placeholder-width: 800px; --smush-placeholder-aspect-ratio: 800\/533;\" \/><\/p>\n<p>O prefeito de Sum\u00e9 afirmou que Jo\u00e3o Azev\u00eado conhece a realidade dos munic\u00edpios como ningu\u00e9m, por isso, vai saber dar continuidade ao modelo administrativo que vem mudando a Para\u00edba. \u201cO que n\u00e3o se pode \u00e9 querer fazer est\u00e1gio em um cargo t\u00e3o complexo que \u00e9 o governador do Estado. Ou voc\u00ea sabe fazer ou n\u00e3o sabe\u201d, disparou.<\/p>\n<p>De acordo com Eden Duarte, o povo do Cariri sabe a import\u00e2ncia das obras realizadas pela gest\u00e3o do governador Ricardo Coutinho. \u201cE \u00e9 exatamente por isso que n\u00f3s prefeitos estamos unidos em apoio a Jo\u00e3o Azev\u00eado e a Veneziano Vital, para ajudar mais a Para\u00edba com recursos e uma posi\u00e7\u00e3o altiva no Senado Federal.\u00a0 Vamos lutar n\u00e3o por um projeto apenas de Ricardo,\u00a0 mas por um projeto de todos os paraibanos e todos os caririzeiros\u201d, pontuou.<\/p>\n<p><a href=\"https:\/\/www.facebook.com\/pg\/CaririEmAcao\/photos\/?tab=album&amp;album_id=1311534965649190\">VEJA FOTOS DO EVENTO EM SUM\u00c9<\/a><\/p>\n<p><strong>CARIRI EM A\u00c7\u00c3O<\/strong><\/p>\n<p>Leia mais not\u00edcias em\u00a0<a style=\"font-style: inherit; font-weight: inherit;\" href=\"http:\/\/www.caririemacao.com\/\">caririemacao.com<\/a>, siga nossa p\u00e1gina no\u00a0<a style=\"font-style: inherit; font-weight: inherit;\" href=\"https:\/\/www.facebook.com\/CaririEmAcao\/?ref=aymt_homepage_panel\">Facebook<\/a>,\u00a0<a style=\"font-style: inherit; font-weight: inherit;\" href=\"https:\/\/www.instagram.com\/cariri_em_acao\/?hl=pt-br\">Instagram<\/a>\u00a0e\u00a0<a style=\"font-style: inherit; font-weight: inherit;\" href=\"https:\/\/www.youtube.com\/channel\/UCAptA0jQuYQy8vMhLt2m4qg\">Youtube<\/a>\u00a0e veja nossas mat\u00e9rias, v\u00eddeos e fotos. Voc\u00ea tamb\u00e9m pode enviar informa\u00e7\u00f5es \u00e0 Reda\u00e7\u00e3o do Portal Cariri em A\u00e7\u00e3o pelo WhatsApp (83) 9 9634.5791, (83) 9 9601-1162.<\/p>\n","protected":false},"excerpt":{"rendered":"<p>H\u00e1 40 anos, a descoberta de uma voca\u00e7\u00e3o. Um dom voltado para o bem-estar social. O trabalho incessante para implanta\u00e7\u00e3o de pol\u00edticas p\u00fablicas essenciais para&hellip; <\/p>\n","protected":false},"author":2,"featured_media":58924,"comment_status":"closed","ping_status":"closed","sticky":false,"template":"","format":"standard","meta":{"sfsi_plus_gutenberg_text_before_share":"","sfsi_plus_gutenberg_show_text_before_share":"","sfsi_plus_gutenberg_icon_type":"","sfsi_plus_gutenberg_icon_alignemt":"","sfsi_plus_gutenburg_max_per_row":"","footnotes":""},"categories":[6],"tags":[],"class_list":["post-58923","post","type-post","status-publish","format-standard","has-post-thumbnail","hentry","category-cidades"],"_links":{"self":[{"href":"https:\/\/www.caririemacao.com\/1\/wp-json\/wp\/v2\/posts\/58923","targetHints":{"allow":["GET"]}}],"collection":[{"href":"https:\/\/www.caririemacao.com\/1\/wp-json\/wp\/v2\/posts"}],"about":[{"href":"https:\/\/www.caririemacao.com\/1\/wp-json\/wp\/v2\/types\/post"}],"author":[{"embeddable":true,"href":"https:\/\/www.caririemacao.com\/1\/wp-json\/wp\/v2\/users\/2"}],"replies":[{"embeddable":true,"href":"https:\/\/www.caririemacao.com\/1\/wp-json\/wp\/v2\/comments?post=58923"}],"version-history":[{"count":3,"href":"https:\/\/www.caririemacao.com\/1\/wp-json\/wp\/v2\/posts\/58923\/revisions"}],"predecessor-version":[{"id":58930,"href":"https:\/\/www.caririemacao.com\/1\/wp-json\/wp\/v2\/posts\/58923\/revisions\/58930"}],"wp:featuredmedia":[{"embeddable":true,"href":"https:\/\/www.caririemacao.com\/1\/wp-json\/wp\/v2\/media\/58924"}],"wp:attachment":[{"href":"https:\/\/www.caririemacao.com\/1\/wp-json\/wp\/v2\/media?parent=58923"}],"wp:term":[{"taxonomy":"category","embeddable":true,"href":"https:\/\/www.caririemacao.com\/1\/wp-json\/wp\/v2\/categories?post=58923"},{"taxonomy":"post_tag","embeddable":true,"href":"https:\/\/www.caririemacao.com\/1\/wp-json\/wp\/v2\/tags?post=58923"}],"curies":[{"name":"wp","href":"https:\/\/api.w.org\/{rel}","templated":true}]}}