{"id":58998,"date":"2018-07-28T22:41:38","date_gmt":"2018-07-29T01:41:38","guid":{"rendered":"http:\/\/caririemacao.com\/1\/?p=58998"},"modified":"2018-07-28T22:41:38","modified_gmt":"2018-07-29T01:41:38","slug":"comerciante-reage-a-assalto-e-sofre-quatro-tiros-em-campina-grande","status":"publish","type":"post","link":"https:\/\/www.caririemacao.com\/1\/2018\/07\/28\/comerciante-reage-a-assalto-e-sofre-quatro-tiros-em-campina-grande\/","title":{"rendered":"Comerciante reage a assalto e sofre quatro tiros em Campina Grande"},"content":{"rendered":"<div>\n<p>Um comerciante de 45 anos foi baleado com quatro tiros,\u00a0 na manh\u00e3 deste s\u00e1bado (28), ap\u00f3s reagir a um assalto no bairro Jardim Continental, em Campina Grande. O homem saiu de casa para colocar o lixo fora quando foi abordado por dois homens que estavam armados e em uma moto. Ele reagiu ao assalto e acabou sendo baleado.<\/p>\n<\/div>\n<div><\/div>\n<div>Segundo a v\u00edtima, os bandidos passaram duas vezes por ele na moto e na terceira vez anunciaram o assalto pedindo o celular. Ele entregou o celular e mesmo assim reagiu e entrou em luta corporal com um dos\u00a0 assaltantes. O comerciante chegou a pegar a arma de um deles, mas os assaltantes foram mais r\u00e1pidos e atiraram v\u00e1rias vezes contra o homem. Ele levou quatro tiros, dois no ombro, um no rosto e outro de rasp\u00e3o na orelha.<\/div>\n<div><\/div>\n<div>O comerciante foi socorrido e levado ao Hospital de Urg\u00eancia e Trauma de Campina Grande onde as balas foram retiradas. O homem j\u00e1 est\u00e1 se recuperando em casa.\u00a0At\u00e9 \u00e0s 15h30 deste s\u00e1bado, nenhum suspeito tinha sido preso ou identificado.<\/div>\n","protected":false},"excerpt":{"rendered":"<p>Um comerciante de 45 anos foi baleado com quatro tiros,\u00a0 na manh\u00e3 deste s\u00e1bado (28), ap\u00f3s reagir a um assalto no bairro Jardim Continental, em&hellip; <\/p>\n","protected":false},"author":2,"featured_media":59002,"comment_status":"closed","ping_status":"closed","sticky":false,"template":"","format":"standard","meta":{"sfsi_plus_gutenberg_text_before_share":"","sfsi_plus_gutenberg_show_text_before_share":"","sfsi_plus_gutenberg_icon_type":"","sfsi_plus_gutenberg_icon_alignemt":"","sfsi_plus_gutenburg_max_per_row":"","footnotes":""},"categories":[12],"tags":[],"class_list":["post-58998","post","type-post","status-publish","format-standard","has-post-thumbnail","hentry","category-policia"],"_links":{"self":[{"href":"https:\/\/www.caririemacao.com\/1\/wp-json\/wp\/v2\/posts\/58998","targetHints":{"allow":["GET"]}}],"collection":[{"href":"https:\/\/www.caririemacao.com\/1\/wp-json\/wp\/v2\/posts"}],"about":[{"href":"https:\/\/www.caririemacao.com\/1\/wp-json\/wp\/v2\/types\/post"}],"author":[{"embeddable":true,"href":"https:\/\/www.caririemacao.com\/1\/wp-json\/wp\/v2\/users\/2"}],"replies":[{"embeddable":true,"href":"https:\/\/www.caririemacao.com\/1\/wp-json\/wp\/v2\/comments?post=58998"}],"version-history":[{"count":1,"href":"https:\/\/www.caririemacao.com\/1\/wp-json\/wp\/v2\/posts\/58998\/revisions"}],"predecessor-version":[{"id":59003,"href":"https:\/\/www.caririemacao.com\/1\/wp-json\/wp\/v2\/posts\/58998\/revisions\/59003"}],"wp:featuredmedia":[{"embeddable":true,"href":"https:\/\/www.caririemacao.com\/1\/wp-json\/wp\/v2\/media\/59002"}],"wp:attachment":[{"href":"https:\/\/www.caririemacao.com\/1\/wp-json\/wp\/v2\/media?parent=58998"}],"wp:term":[{"taxonomy":"category","embeddable":true,"href":"https:\/\/www.caririemacao.com\/1\/wp-json\/wp\/v2\/categories?post=58998"},{"taxonomy":"post_tag","embeddable":true,"href":"https:\/\/www.caririemacao.com\/1\/wp-json\/wp\/v2\/tags?post=58998"}],"curies":[{"name":"wp","href":"https:\/\/api.w.org\/{rel}","templated":true}]}}