{"id":59004,"date":"2018-07-28T22:47:18","date_gmt":"2018-07-29T01:47:18","guid":{"rendered":"http:\/\/caririemacao.com\/1\/?p=59004"},"modified":"2018-07-28T22:47:18","modified_gmt":"2018-07-29T01:47:18","slug":"bandidos-atacam-41a-agencia-bancaria-este-ano-na-paraiba","status":"publish","type":"post","link":"https:\/\/www.caririemacao.com\/1\/2018\/07\/28\/bandidos-atacam-41a-agencia-bancaria-este-ano-na-paraiba\/","title":{"rendered":"Bandidos atacam 41\u00aa ag\u00eancia banc\u00e1ria este ano na Para\u00edba"},"content":{"rendered":"<p>Bandidos armados explodiram, na madrugada deste s\u00e1bado (28), a ag\u00eancia do Banco Bradesco em Mana\u00edra, no Sert\u00e3o da Para\u00edba. Eles chegaram atirando para alto em uma Hilux cor prata, instalaram os explosivos na ag\u00eancia e fizeram a detona\u00e7\u00e3o.<\/p>\n<p>O sargento Deodato, da Pol\u00edcia Militar, revelou que uma guarni\u00e7\u00e3o fazia rondas, em Mana\u00edra, ouvi a explos\u00e3o e foi at\u00e9 a ag\u00eancia banc\u00e1ria para prender os bandidos, que n\u00e3o conseguiram ter acesso ao compartimento do caixa eletr\u00f4nico onde fica armazenado o dinheiro.<\/p>\n<p>De acordo com o policial, o bando fugiu em dire\u00e7\u00e3o ao estado de Pernambuco sem levar o dinheiro da ag\u00eancia banc\u00e1ria. Segundo o Sindicato dos Banc\u00e1rios da Para\u00edba, este \u00e9 o 41\u00ba ataque a bancos no estado. O \u00faltimo caso foi registrado na \u00faltima sexta-feira (27), na cidade de Santa Rita, na Regi\u00e3o Metropolitana de Jo\u00e3o Pessoa.<\/p>\n<p>&nbsp;<\/p>\n<p>Fonte: Jornal da Para\u00edba\/Foto: Reprodu\u00e7\u00e3o Internet<\/p>\n<p>Leia mais not\u00edcias em\u00a0<a href=\"http:\/\/www.caririemacao.com\/\">caririemacao.com<\/a>, siga nossa p\u00e1gina no\u00a0<a href=\"https:\/\/www.facebook.com\/CaririEmAcao\/?ref=aymt_homepage_panel\">Facebook<\/a>,\u00a0<a href=\"https:\/\/www.instagram.com\/cariri_em_acao\/?hl=pt-br\">Instagram<\/a>\u00a0e\u00a0<a href=\"https:\/\/www.youtube.com\/channel\/UCAptA0jQuYQy8vMhLt2m4qg\">Youtube<\/a>\u00a0e veja nossas mat\u00e9rias, v\u00eddeos e fotos. Voc\u00ea tamb\u00e9m pode enviar informa\u00e7\u00f5es \u00e0 Reda\u00e7\u00e3o do Portal Cariri em A\u00e7\u00e3o pelo WhatsApp (83) 9 9634.5791, (83) 9 9601-1162.<\/p>\n","protected":false},"excerpt":{"rendered":"<p>Bandidos armados explodiram, na madrugada deste s\u00e1bado (28), a ag\u00eancia do Banco Bradesco em Mana\u00edra, no Sert\u00e3o da Para\u00edba. Eles chegaram atirando para alto em&hellip; <\/p>\n","protected":false},"author":2,"featured_media":59005,"comment_status":"closed","ping_status":"closed","sticky":false,"template":"","format":"standard","meta":{"sfsi_plus_gutenberg_text_before_share":"","sfsi_plus_gutenberg_show_text_before_share":"","sfsi_plus_gutenberg_icon_type":"","sfsi_plus_gutenberg_icon_alignemt":"","sfsi_plus_gutenburg_max_per_row":"","footnotes":""},"categories":[1],"tags":[],"class_list":["post-59004","post","type-post","status-publish","format-standard","has-post-thumbnail","hentry","category-o-site"],"_links":{"self":[{"href":"https:\/\/www.caririemacao.com\/1\/wp-json\/wp\/v2\/posts\/59004","targetHints":{"allow":["GET"]}}],"collection":[{"href":"https:\/\/www.caririemacao.com\/1\/wp-json\/wp\/v2\/posts"}],"about":[{"href":"https:\/\/www.caririemacao.com\/1\/wp-json\/wp\/v2\/types\/post"}],"author":[{"embeddable":true,"href":"https:\/\/www.caririemacao.com\/1\/wp-json\/wp\/v2\/users\/2"}],"replies":[{"embeddable":true,"href":"https:\/\/www.caririemacao.com\/1\/wp-json\/wp\/v2\/comments?post=59004"}],"version-history":[{"count":1,"href":"https:\/\/www.caririemacao.com\/1\/wp-json\/wp\/v2\/posts\/59004\/revisions"}],"predecessor-version":[{"id":59006,"href":"https:\/\/www.caririemacao.com\/1\/wp-json\/wp\/v2\/posts\/59004\/revisions\/59006"}],"wp:featuredmedia":[{"embeddable":true,"href":"https:\/\/www.caririemacao.com\/1\/wp-json\/wp\/v2\/media\/59005"}],"wp:attachment":[{"href":"https:\/\/www.caririemacao.com\/1\/wp-json\/wp\/v2\/media?parent=59004"}],"wp:term":[{"taxonomy":"category","embeddable":true,"href":"https:\/\/www.caririemacao.com\/1\/wp-json\/wp\/v2\/categories?post=59004"},{"taxonomy":"post_tag","embeddable":true,"href":"https:\/\/www.caririemacao.com\/1\/wp-json\/wp\/v2\/tags?post=59004"}],"curies":[{"name":"wp","href":"https:\/\/api.w.org\/{rel}","templated":true}]}}