{"id":59017,"date":"2018-07-29T04:25:25","date_gmt":"2018-07-29T07:25:25","guid":{"rendered":"http:\/\/caririemacao.com\/1\/?p=59017"},"modified":"2018-07-29T04:25:25","modified_gmt":"2018-07-29T07:25:25","slug":"chicabana-e-forro-dos-plays-encerram-penultimo-dia-do-bode-na-rua-2018","status":"publish","type":"post","link":"https:\/\/www.caririemacao.com\/1\/2018\/07\/29\/chicabana-e-forro-dos-plays-encerram-penultimo-dia-do-bode-na-rua-2018\/","title":{"rendered":"Chicabana e Forr\u00f3 dos Plays encerram pen\u00faltimo dia do Bode na Rua 2018"},"content":{"rendered":"<p>As bandas Forr\u00f3 dos Plays e Chicabana encerraram a pen\u00faltima noite da 19\u00aa edi\u00e7\u00e3o do Bode na Rua. Os shows tiveram in\u00edcio por volta das 22h desse s\u00e1bado (28).<\/p>\n<p>A noite foi marcada por uma grande multid\u00e3o que curtiram os shows das bandas, consolidando a festa como o maior evento tem\u00e1tico do Cariri. \u00a0<img fetchpriority=\"high\" decoding=\"async\" class=\"aligncenter wp-image-59019 size-full\" src=\"http:\/\/caririemacao.com\/1\/wp-content\/uploads\/2018\/07\/DSC_0183.jpg\" alt=\"\" width=\"800\" height=\"533\" srcset=\"https:\/\/www.caririemacao.com\/1\/wp-content\/uploads\/2018\/07\/DSC_0183.jpg 800w, https:\/\/www.caririemacao.com\/1\/wp-content\/uploads\/2018\/07\/DSC_0183-300x200.jpg 300w, https:\/\/www.caririemacao.com\/1\/wp-content\/uploads\/2018\/07\/DSC_0183-768x512.jpg 768w\" sizes=\"(max-width: 800px) 100vw, 800px\" \/><\/p>\n<p>O evento contou com a presen\u00e7a do prefeito Ronaldo, da primeira dama, Jane Erica, al\u00e9m de secret\u00e1rios e vereadores.<\/p>\n<p>A programa\u00e7\u00e3o da 19\u00aa edi\u00e7\u00e3o do bonde na rua segue para o \u00faltimo dia de programa\u00e7\u00e3o. Confira a programa\u00e7\u00e3o desse domingo (29)<\/p>\n<ul>\n<li>8h &#8211; Pista de julgamento;<\/li>\n<li>14 h \u2013 Forr\u00f3bodan\u00e7a (Palco do Bonde);<\/li>\n<li>16h &#8211; Entrega da premia\u00e7\u00e3o;<\/li>\n<li>17h \u2013 Sa\u00edda dos animais;<\/li>\n<li>22h- Shows em pra\u00e7a p\u00fablica com Banda Loba, Avine Vinny e Kaylan.<\/li>\n<\/ul>\n<h3><a href=\"https:\/\/www.facebook.com\/pg\/CaririEmAcao\/photos\/?tab=album&amp;album_id=1312880932181260\">Veja fotos clicando Aqui\u00a0<\/a><\/h3>\n<p><div class=\"ose- ose-uid-b17e22f31ab7bbd7204f7d69ce1775d6 ose-embedpress-responsive\" style=\"width:600px; height:550px; max-height:550px; max-width:100%; display:inline-block;\" data-embed-type=\"Facebook\"><iframe allowFullScreen=\"true\" class=\"embera-facebook-iframe-14190 lazyload\" data-src=\"https:\/\/www.facebook.com\/plugins\/post.php?href=https%3A%2F%2Fwww.facebook.com%2Fmedia%2Fset%2F%3Fset%3Da.1312880932181260.1073742874.302749469861083%26%23038%3Btype%3D1%26%23038%3Bl%3Ddd19e02c63&width=600&height=550&show_text=true\" width=\"600\" height=\"550\" style=\"border:none;overflow:hidden\" scrolling=\"no\" frameborder=\"0\" allowTransparency=\"true\" src=\"data:image\/svg+xml;base64,PHN2ZyB3aWR0aD0iMSIgaGVpZ2h0PSIxIiB4bWxucz0iaHR0cDovL3d3dy53My5vcmcvMjAwMC9zdmciPjwvc3ZnPg==\" data-load-mode=\"1\"><\/iframe><\/div><\/p>\n<p><strong>CARIRI EM A\u00c7\u00c3O<\/strong><\/p>\n<p>Foto: Hermano Cds<\/p>\n<p>Leia mais not\u00edcias em\u00a0<a href=\"http:\/\/www.caririemacao.com\/\">caririemacao.com<\/a>, siga nossa p\u00e1gina no\u00a0<a href=\"https:\/\/www.facebook.com\/CaririEmAcao\/?ref=aymt_homepage_panel\">Facebook<\/a>,\u00a0<a href=\"https:\/\/www.instagram.com\/cariri_em_acao\/?hl=pt-br\">Instagram<\/a>\u00a0e <a href=\"https:\/\/www.youtube.com\/channel\/UCAptA0jQuYQy8vMhLt2m4qg\">Youtube<\/a>\u00a0e veja nossas mat\u00e9rias, v\u00eddeos e fotos. Voc\u00ea tamb\u00e9m pode enviar informa\u00e7\u00f5es \u00e0 Reda\u00e7\u00e3o do Portal Cariri em A\u00e7\u00e3o pelo WhatsApp (83) 9 9634.5791, (83) 9 9601-1162.<\/p>\n","protected":false},"excerpt":{"rendered":"<p>As bandas Forr\u00f3 dos Plays e Chicabana encerraram a pen\u00faltima noite da 19\u00aa edi\u00e7\u00e3o do Bode na Rua. Os shows tiveram in\u00edcio por volta das&hellip; <\/p>\n","protected":false},"author":1,"featured_media":59018,"comment_status":"closed","ping_status":"closed","sticky":false,"template":"","format":"standard","meta":{"sfsi_plus_gutenberg_text_before_share":"","sfsi_plus_gutenberg_show_text_before_share":"","sfsi_plus_gutenberg_icon_type":"","sfsi_plus_gutenberg_icon_alignemt":"","sfsi_plus_gutenburg_max_per_row":"","footnotes":""},"categories":[6],"tags":[],"class_list":["post-59017","post","type-post","status-publish","format-standard","has-post-thumbnail","hentry","category-cidades"],"_links":{"self":[{"href":"https:\/\/www.caririemacao.com\/1\/wp-json\/wp\/v2\/posts\/59017","targetHints":{"allow":["GET"]}}],"collection":[{"href":"https:\/\/www.caririemacao.com\/1\/wp-json\/wp\/v2\/posts"}],"about":[{"href":"https:\/\/www.caririemacao.com\/1\/wp-json\/wp\/v2\/types\/post"}],"author":[{"embeddable":true,"href":"https:\/\/www.caririemacao.com\/1\/wp-json\/wp\/v2\/users\/1"}],"replies":[{"embeddable":true,"href":"https:\/\/www.caririemacao.com\/1\/wp-json\/wp\/v2\/comments?post=59017"}],"version-history":[{"count":1,"href":"https:\/\/www.caririemacao.com\/1\/wp-json\/wp\/v2\/posts\/59017\/revisions"}],"predecessor-version":[{"id":59020,"href":"https:\/\/www.caririemacao.com\/1\/wp-json\/wp\/v2\/posts\/59017\/revisions\/59020"}],"wp:featuredmedia":[{"embeddable":true,"href":"https:\/\/www.caririemacao.com\/1\/wp-json\/wp\/v2\/media\/59018"}],"wp:attachment":[{"href":"https:\/\/www.caririemacao.com\/1\/wp-json\/wp\/v2\/media?parent=59017"}],"wp:term":[{"taxonomy":"category","embeddable":true,"href":"https:\/\/www.caririemacao.com\/1\/wp-json\/wp\/v2\/categories?post=59017"},{"taxonomy":"post_tag","embeddable":true,"href":"https:\/\/www.caririemacao.com\/1\/wp-json\/wp\/v2\/tags?post=59017"}],"curies":[{"name":"wp","href":"https:\/\/api.w.org\/{rel}","templated":true}]}}