{"id":59028,"date":"2018-07-29T09:58:05","date_gmt":"2018-07-29T12:58:05","guid":{"rendered":"http:\/\/caririemacao.com\/1\/?p=59028"},"modified":"2018-07-29T09:58:05","modified_gmt":"2018-07-29T12:58:05","slug":"programa-tempo-de-trabalho-estreia-e-tem-audiencia-recorde-em-monteiro","status":"publish","type":"post","link":"https:\/\/www.caririemacao.com\/1\/2018\/07\/29\/programa-tempo-de-trabalho-estreia-e-tem-audiencia-recorde-em-monteiro\/","title":{"rendered":"Programa &#8220;Tempo de Trabalho&#8221; estreia e tem audi\u00eancia recorde em Monteiro"},"content":{"rendered":"<p>O programa institucional da Prefeitura de Monteiro pela Monteiro FM (97,5), \u201cTempo de Trabalho\u201d, estreou nesta sexta-feira, 27, e atraiu a aten\u00e7\u00e3o de milhares de ouvintes, que puderam interagir durante a apresenta\u00e7\u00e3o.<\/p>\n<p>O programa semanal Tempo de Trabalho vai ao ar todas as sextas-feiras, das 13 \u00e0s 14 horas, oportunidade que o munic\u00edpio, atrav\u00e9s da Secretaria de Comunica\u00e7\u00e3o apresentar\u00e1 todas as a\u00e7\u00f5es realizadas ao longo da semana e apresentar\u00e1 a programa\u00e7\u00e3o dos dias seguintes.<\/p>\n<p>Na estreia do programa, apresentado pelo radialista Edglay Bezerra, a prefeita Anna Lorena fez um balan\u00e7o da gest\u00e3o nestes primeiros 19 meses e mostrou os avan\u00e7os que o munic\u00edpio obteve nas mais diversas \u00e1reas, principalmente na sa\u00fade, educa\u00e7\u00e3o, esportes, agricultura, cultura e infraestrutura.<\/p>\n<p>\u201cNestes primeiros meses de gest\u00e3o entregamos unidades de sa\u00fade e escolas na \u00e1rea urbana e rural do munic\u00edpio, cal\u00e7amos dezenas de ruas, ampliamos os eventos do munic\u00edpio, a exemplo do S\u00e3o Jo\u00e3o, estamos patrolando mais de 100 estradas na zona rural, al\u00e9m de muitas outras a\u00e7\u00f5es que beneficiam diretamente a popula\u00e7\u00e3o\u201d, disse Anna Lorena.<\/p>\n<p>Durante o programa v\u00e1rios ouvintes puderam participar pelas redes sociais e telefone, parabenizando a prefeita pela gest\u00e3o e apresentando sugest\u00f5es que possam contribuir pela melhoria da administra\u00e7\u00e3o.<\/p>\n<p>A prefeita Anna Lorena fez quest\u00e3o de renovar o seu compromisso de manter o di\u00e1logo com a popula\u00e7\u00e3o, ouvindo sugest\u00f5es e cr\u00edticas construtivas que possam fazer de Monteiro uma cidade cada vez melhor.<\/p>\n<p>Ao final do programa a prefeita Anna Lorena falou sobre as cr\u00edticas que vem recebendo do grupo liderado pelo seu ex-aliado, o deputado estadual Jo\u00e3o Henrique e disse que tentou por diversas vezes evitar o rompimento pol\u00edtico, mas, n\u00e3o encontrou receptividade nem da parte dele nem da ex-prefeita Edna Henrique.<\/p>\n<p>\u201cBusquei de todas as formas evitar esta divis\u00e3o do grupo, mas, n\u00e3o obtive \u00eaxito. Vamos pra frente, fui eleita pelo povo de Monteiro e n\u00e3o por uma fam\u00edlia, sou prefeita para cuidar de Monteiro e n\u00e3o de um projeto familiar\u201d finalizou Anna Lorena.<\/p>\n<p>&nbsp;<\/p>\n<p>Fonte: Cariri Ligado<\/p>\n<p>Leia mais not\u00edcias em\u00a0<a href=\"http:\/\/www.caririemacao.com\/\">caririemacao.com<\/a>, siga nossa p\u00e1gina no\u00a0<a href=\"https:\/\/www.facebook.com\/CaririEmAcao\/?ref=aymt_homepage_panel\">Facebook<\/a>,\u00a0<a href=\"https:\/\/www.instagram.com\/cariri_em_acao\/?hl=pt-br\">Instagram<\/a>\u00a0e\u00a0<a href=\"https:\/\/www.youtube.com\/channel\/UCAptA0jQuYQy8vMhLt2m4qg\">Youtube<\/a>\u00a0e veja nossas mat\u00e9rias, v\u00eddeos e fotos. Voc\u00ea tamb\u00e9m pode enviar informa\u00e7\u00f5es \u00e0 Reda\u00e7\u00e3o do Portal Cariri em A\u00e7\u00e3o pelo WhatsApp (83) 9 9634.5791, (83) 9 9601-1162.<\/p>\n","protected":false},"excerpt":{"rendered":"<p>O programa institucional da Prefeitura de Monteiro pela Monteiro FM (97,5), \u201cTempo de Trabalho\u201d, estreou nesta sexta-feira, 27, e atraiu a aten\u00e7\u00e3o de milhares de&hellip; <\/p>\n","protected":false},"author":2,"featured_media":59029,"comment_status":"closed","ping_status":"closed","sticky":false,"template":"","format":"standard","meta":{"sfsi_plus_gutenberg_text_before_share":"","sfsi_plus_gutenberg_show_text_before_share":"","sfsi_plus_gutenberg_icon_type":"","sfsi_plus_gutenberg_icon_alignemt":"","sfsi_plus_gutenburg_max_per_row":"","footnotes":""},"categories":[11],"tags":[],"class_list":["post-59028","post","type-post","status-publish","format-standard","has-post-thumbnail","hentry","category-politica"],"_links":{"self":[{"href":"https:\/\/www.caririemacao.com\/1\/wp-json\/wp\/v2\/posts\/59028","targetHints":{"allow":["GET"]}}],"collection":[{"href":"https:\/\/www.caririemacao.com\/1\/wp-json\/wp\/v2\/posts"}],"about":[{"href":"https:\/\/www.caririemacao.com\/1\/wp-json\/wp\/v2\/types\/post"}],"author":[{"embeddable":true,"href":"https:\/\/www.caririemacao.com\/1\/wp-json\/wp\/v2\/users\/2"}],"replies":[{"embeddable":true,"href":"https:\/\/www.caririemacao.com\/1\/wp-json\/wp\/v2\/comments?post=59028"}],"version-history":[{"count":1,"href":"https:\/\/www.caririemacao.com\/1\/wp-json\/wp\/v2\/posts\/59028\/revisions"}],"predecessor-version":[{"id":59030,"href":"https:\/\/www.caririemacao.com\/1\/wp-json\/wp\/v2\/posts\/59028\/revisions\/59030"}],"wp:featuredmedia":[{"embeddable":true,"href":"https:\/\/www.caririemacao.com\/1\/wp-json\/wp\/v2\/media\/59029"}],"wp:attachment":[{"href":"https:\/\/www.caririemacao.com\/1\/wp-json\/wp\/v2\/media?parent=59028"}],"wp:term":[{"taxonomy":"category","embeddable":true,"href":"https:\/\/www.caririemacao.com\/1\/wp-json\/wp\/v2\/categories?post=59028"},{"taxonomy":"post_tag","embeddable":true,"href":"https:\/\/www.caririemacao.com\/1\/wp-json\/wp\/v2\/tags?post=59028"}],"curies":[{"name":"wp","href":"https:\/\/api.w.org\/{rel}","templated":true}]}}