{"id":59031,"date":"2018-07-29T10:06:04","date_gmt":"2018-07-29T13:06:04","guid":{"rendered":"http:\/\/caririemacao.com\/1\/?p=59031"},"modified":"2018-07-29T10:06:04","modified_gmt":"2018-07-29T13:06:04","slug":"prefeitura-de-sao-joao-do-cariri-anuncia-data-de-inscricao-para-concurso-publico","status":"publish","type":"post","link":"https:\/\/www.caririemacao.com\/1\/2018\/07\/29\/prefeitura-de-sao-joao-do-cariri-anuncia-data-de-inscricao-para-concurso-publico\/","title":{"rendered":"Prefeitura de S\u00e3o Jo\u00e3o do Cariri anuncia data de inscri\u00e7\u00e3o para concurso p\u00fablico"},"content":{"rendered":"<p>A Prefeitura de\u00a0S\u00e3o Jo\u00e3o do Cariri\u00a0divulgou o extrato do edital do Concurso P\u00fablico para preenchimento de vagas existentes no \u00f3rg\u00e3o. O edital ainda n\u00e3o foi publicado.<\/p>\n<p>As inscri\u00e7\u00f5es podem ser realizadas no\u00a0<a href=\"http:\/\/www.apiceconsultoria.com\/\"><strong>site da organizadora<\/strong><\/a>\u00a0do certame,\u00a0a partir das 10h de 30 de julho de 2018 at\u00e9 19 de agosto de 2018.<\/p>\n<p>A sele\u00e7\u00e3o ser\u00e1 constitu\u00edda por provas escritas, provas pr\u00e1ticas e de t\u00edtulos.<\/p>\n<p>&nbsp;<\/p>\n<p>&nbsp;<\/p>\n<p>Fonte: Olho no Cariri\/Foto: Cariri em A\u00e7\u00e3o<\/p>\n<p>Leia mais not\u00edcias em\u00a0<a href=\"http:\/\/www.caririemacao.com\/\">caririemacao.com<\/a>, siga nossa p\u00e1gina no\u00a0<a href=\"https:\/\/www.facebook.com\/CaririEmAcao\/?ref=aymt_homepage_panel\">Facebook<\/a>,\u00a0<a href=\"https:\/\/www.instagram.com\/cariri_em_acao\/?hl=pt-br\">Instagram<\/a>\u00a0e\u00a0<a href=\"https:\/\/www.youtube.com\/channel\/UCAptA0jQuYQy8vMhLt2m4qg\">Youtube<\/a>\u00a0e veja nossas mat\u00e9rias, v\u00eddeos e fotos. Voc\u00ea tamb\u00e9m pode enviar informa\u00e7\u00f5es \u00e0 Reda\u00e7\u00e3o do Portal Cariri em A\u00e7\u00e3o pelo WhatsApp (83) 9 9634.5791, (83) 9 9601-1162.<\/p>\n","protected":false},"excerpt":{"rendered":"<p>A Prefeitura de\u00a0S\u00e3o Jo\u00e3o do Cariri\u00a0divulgou o extrato do edital do Concurso P\u00fablico para preenchimento de vagas existentes no \u00f3rg\u00e3o. O edital ainda n\u00e3o foi&hellip; <\/p>\n","protected":false},"author":2,"featured_media":9527,"comment_status":"closed","ping_status":"closed","sticky":false,"template":"","format":"standard","meta":{"sfsi_plus_gutenberg_text_before_share":"","sfsi_plus_gutenberg_show_text_before_share":"","sfsi_plus_gutenberg_icon_type":"","sfsi_plus_gutenberg_icon_alignemt":"","sfsi_plus_gutenburg_max_per_row":"","footnotes":""},"categories":[6],"tags":[],"class_list":["post-59031","post","type-post","status-publish","format-standard","has-post-thumbnail","hentry","category-cidades"],"_links":{"self":[{"href":"https:\/\/www.caririemacao.com\/1\/wp-json\/wp\/v2\/posts\/59031","targetHints":{"allow":["GET"]}}],"collection":[{"href":"https:\/\/www.caririemacao.com\/1\/wp-json\/wp\/v2\/posts"}],"about":[{"href":"https:\/\/www.caririemacao.com\/1\/wp-json\/wp\/v2\/types\/post"}],"author":[{"embeddable":true,"href":"https:\/\/www.caririemacao.com\/1\/wp-json\/wp\/v2\/users\/2"}],"replies":[{"embeddable":true,"href":"https:\/\/www.caririemacao.com\/1\/wp-json\/wp\/v2\/comments?post=59031"}],"version-history":[{"count":1,"href":"https:\/\/www.caririemacao.com\/1\/wp-json\/wp\/v2\/posts\/59031\/revisions"}],"predecessor-version":[{"id":59032,"href":"https:\/\/www.caririemacao.com\/1\/wp-json\/wp\/v2\/posts\/59031\/revisions\/59032"}],"wp:featuredmedia":[{"embeddable":true,"href":"https:\/\/www.caririemacao.com\/1\/wp-json\/wp\/v2\/media\/9527"}],"wp:attachment":[{"href":"https:\/\/www.caririemacao.com\/1\/wp-json\/wp\/v2\/media?parent=59031"}],"wp:term":[{"taxonomy":"category","embeddable":true,"href":"https:\/\/www.caririemacao.com\/1\/wp-json\/wp\/v2\/categories?post=59031"},{"taxonomy":"post_tag","embeddable":true,"href":"https:\/\/www.caririemacao.com\/1\/wp-json\/wp\/v2\/tags?post=59031"}],"curies":[{"name":"wp","href":"https:\/\/api.w.org\/{rel}","templated":true}]}}