{"id":59033,"date":"2018-07-29T10:11:24","date_gmt":"2018-07-29T13:11:24","guid":{"rendered":"http:\/\/caririemacao.com\/1\/?p=59033"},"modified":"2018-07-29T10:13:23","modified_gmt":"2018-07-29T13:13:23","slug":"em-gurjao-joao-azevedo-diz-que-vai-fomentar-a-cadeia-da-caprinocultura","status":"publish","type":"post","link":"https:\/\/www.caririemacao.com\/1\/2018\/07\/29\/em-gurjao-joao-azevedo-diz-que-vai-fomentar-a-cadeia-da-caprinocultura\/","title":{"rendered":"Em Gurj\u00e3o, Jo\u00e3o Azevedo diz que vai fomentar a cadeia da caprinocultura"},"content":{"rendered":"<p>O pr\u00e9-candidato do PSB ao Governo da Para\u00edba, Jo\u00e3o Azev\u00eado (PSB), revelou que uma de suas metas ser\u00e1 investir no fortalecimento da cadeia da caprinocultura, com a implanta\u00e7\u00e3o de unidades de beneficiamento e desenvolvimento de pesquisa para o melhor aproveitamento dessa cultura importante para a regi\u00e3o do Cariri. O socialista visitou, na noite dessa sexta-feira (27), ao lado do prefeito de Gurj\u00e3o, Ronaldo Queiroz (PSC), a abertura da 19\u00aa edi\u00e7\u00e3o da Festa do Bode na Rua.<\/p>\n<p>Durante a visita, Jo\u00e3o Azev\u00eado conheceu o parque de exposi\u00e7\u00f5es de animais, a feira de neg\u00f3cios com produtos oriundos da cultura do bode, as salas de leitura e as atra\u00e7\u00f5es musicais no \u2018Palco do Bode\u2019. A comitiva de Jo\u00e3o contou com a participa\u00e7\u00e3o dos prefeitos de Prata, J\u00fanior de N\u00f4ta (MDB); de Barra de S\u00e3o Miguel, Jo\u00e3o Batista (PSB); e de Sum\u00e9, \u00c9den Duarte (PSB), que reafirmaram apoio \u00e0 pr\u00e9-candidatura do socialista ao Governo do Estado.<\/p>\n<p>Tamb\u00e9m acompanharam Jo\u00e3o \u00e0 Festa do Bode na Rua, ex-prefeita de Barra de S\u00e3o Miguel, Luci Lopes (PSB); o vice-prefeito de Alcantil, Jos\u00e9 Ac\u00e1cio (PSD); e os vereadores de Gurj\u00e3o, Marcelo Farias (PSDB), J\u00fanior Morais (PSC), Diogo Coutinho (PSD), Robson Cordeiro (PSD), Elisete (PSD) e Selminha (MDB).<\/p>\n<p>\u201cS\u00e3o festas como essas que fazem com que a economia do Cariri se desenvolva e gere emprego e renda para a popula\u00e7\u00e3o. Vamos buscar fortalecer cada vez mais esse tipo de evento com a gera\u00e7\u00e3o de neg\u00f3cios na caprinocultura, que \u00e9 fundamental para essa regi\u00e3o\u201d, ressaltou o pr\u00e9-candidato do PSB.<\/p>\n<p>Para Jo\u00e3o Azev\u00eado, a gen\u00e9tica dos caprinos est\u00e1 cada vez mais evolu\u00edda, e fomentar a pesquisa e desenvolver a cultura ser\u00e1 uma das metas de sua gest\u00e3o a partir de 1\u00b0 de janeiro do ano que vem. Ele ainda lembrou que o Governo do Estado teve um olhar diferenciado para o Cariri em todas as \u00e1reas, destacou a chegada das \u00e1guas do Rio S\u00e3o Francisco, citou os sistemas de adutoras implantados e ressaltou os investimentos nas estradas de toda a regi\u00e3o. \u201cAgora a meta \u00e9 implantar aqui unidades de produ\u00e7\u00e3o, que possam agregar valor a partir do que j\u00e1 vem sendo feito, para que o caririzeiro possa ter plenas condi\u00e7\u00f5es de viver aqui e daqui obter o seu sustento e da sua fam\u00edlia\u201d, frisou.<\/p>\n<p>De acordo com o prefeito de Gurj\u00e3o, Ronaldo Queiroz, \u00e9 de fundamental para o Cariri garantir a continuidade do projeto implantado pelo governador Ricardo Coutinho (PSB). \u201cO governador Ricardo e Jo\u00e3o Azev\u00eado constru\u00edram um novo Cariri que antes era esquecido, sem estradas. Hoje, o cidad\u00e3o sai de Campina e j\u00e1 vem pela estrada de Catol\u00e9 de Boa Vista, abrindo um novo acesso ao Cariri. Posso citar tamb\u00e9m liga\u00e7\u00e3o de v\u00e1rios munic\u00edpios, como Santo Andr\u00e9, Parari, Cordeiros e Camala\u00fa, que eram isolados. J\u00e1 com a transposi\u00e7\u00e3o do Rio S\u00e3o Francisco, precisamos agora da experi\u00eancia de Jo\u00e3o Azev\u00eado para implantar todo o sistema adutor da Transpara\u00edba, que vem sendo constru\u00eddo e que precisa ter continuidade para resolver de vez o problema da \u00e1gua\u201d, pontuou.<\/p>\n<p>Ronaldo Queiroz ressaltou ainda a import\u00e2ncia da parceria entre o Governo do Estado e as prefeituras para o desenvolvimento da caprinocultura, que \u00e9 a grande voca\u00e7\u00e3o econ\u00f4mica da regi\u00e3o. Ele destacou tamb\u00e9m o apoio aos eventos tradicionais do Cariri, como os realizados nos munic\u00edpios de Barra de S\u00e3o Miguel, Cabaceiras e Gurj\u00e3o.<\/p>\n<p>&nbsp;<\/p>\n<p>Fonte: Para\u00edba Mix\/Foto:\u00a0Reprodu\u00e7\u00e3o Internet<\/p>\n<p>Leia mais not\u00edcias em\u00a0<a href=\"http:\/\/www.caririemacao.com\/\">caririemacao.com<\/a>, siga nossa p\u00e1gina no\u00a0<a href=\"https:\/\/www.facebook.com\/CaririEmAcao\/?ref=aymt_homepage_panel\">Facebook<\/a>,\u00a0<a href=\"https:\/\/www.instagram.com\/cariri_em_acao\/?hl=pt-br\">Instagram<\/a>\u00a0e\u00a0<a href=\"https:\/\/www.youtube.com\/channel\/UCAptA0jQuYQy8vMhLt2m4qg\">Youtube<\/a>\u00a0e veja nossas mat\u00e9rias, v\u00eddeos e fotos. Voc\u00ea tamb\u00e9m pode enviar informa\u00e7\u00f5es \u00e0 Reda\u00e7\u00e3o do Portal Cariri em A\u00e7\u00e3o pelo WhatsApp (83) 9 9634.5791, (83) 9 9601-1162.<\/p>\n","protected":false},"excerpt":{"rendered":"<p>O pr\u00e9-candidato do PSB ao Governo da Para\u00edba, Jo\u00e3o Azev\u00eado (PSB), revelou que uma de suas metas ser\u00e1 investir no fortalecimento da cadeia da caprinocultura,&hellip; <\/p>\n","protected":false},"author":2,"featured_media":59035,"comment_status":"closed","ping_status":"closed","sticky":false,"template":"","format":"standard","meta":{"sfsi_plus_gutenberg_text_before_share":"","sfsi_plus_gutenberg_show_text_before_share":"","sfsi_plus_gutenberg_icon_type":"","sfsi_plus_gutenberg_icon_alignemt":"","sfsi_plus_gutenburg_max_per_row":"","footnotes":""},"categories":[1],"tags":[],"class_list":["post-59033","post","type-post","status-publish","format-standard","has-post-thumbnail","hentry","category-o-site"],"_links":{"self":[{"href":"https:\/\/www.caririemacao.com\/1\/wp-json\/wp\/v2\/posts\/59033","targetHints":{"allow":["GET"]}}],"collection":[{"href":"https:\/\/www.caririemacao.com\/1\/wp-json\/wp\/v2\/posts"}],"about":[{"href":"https:\/\/www.caririemacao.com\/1\/wp-json\/wp\/v2\/types\/post"}],"author":[{"embeddable":true,"href":"https:\/\/www.caririemacao.com\/1\/wp-json\/wp\/v2\/users\/2"}],"replies":[{"embeddable":true,"href":"https:\/\/www.caririemacao.com\/1\/wp-json\/wp\/v2\/comments?post=59033"}],"version-history":[{"count":2,"href":"https:\/\/www.caririemacao.com\/1\/wp-json\/wp\/v2\/posts\/59033\/revisions"}],"predecessor-version":[{"id":59036,"href":"https:\/\/www.caririemacao.com\/1\/wp-json\/wp\/v2\/posts\/59033\/revisions\/59036"}],"wp:featuredmedia":[{"embeddable":true,"href":"https:\/\/www.caririemacao.com\/1\/wp-json\/wp\/v2\/media\/59035"}],"wp:attachment":[{"href":"https:\/\/www.caririemacao.com\/1\/wp-json\/wp\/v2\/media?parent=59033"}],"wp:term":[{"taxonomy":"category","embeddable":true,"href":"https:\/\/www.caririemacao.com\/1\/wp-json\/wp\/v2\/categories?post=59033"},{"taxonomy":"post_tag","embeddable":true,"href":"https:\/\/www.caririemacao.com\/1\/wp-json\/wp\/v2\/tags?post=59033"}],"curies":[{"name":"wp","href":"https:\/\/api.w.org\/{rel}","templated":true}]}}